{"id":25644,"date":"2025-08-13T11:01:49","date_gmt":"2025-08-13T09:01:49","guid":{"rendered":"https:\/\/spartacus.no\/?p=25644"},"modified":"2025-09-03T10:00:25","modified_gmt":"2025-09-03T08:00:25","slug":"slaende-vakkert-om-sommerfugler","status":"publish","type":"post","link":"https:\/\/staging.forenteforlag.no\/spartacus\/slaende-vakkert-om-sommerfugler\/","title":{"rendered":"Sl\u00e5ende vakkert om sommerfugler"},"content":{"rendered":"\r\n<h2 class=\"wp-block-heading\">Lette vinger, lysende farger og forbl\u00f8ffende m\u00f8nstre: Alle stopper ved synet av sommerfugler. Hvem er de? Hvor kommer all skj\u00f8nnheten fra?<\/h2>\r\n\r\n\r\n\r\n<p>&nbsp;<\/p>\r\n\r\n\r\n\r\n<p>Bli med inn i sommerfuglens verden, preget av komplekse \u00f8kologiske og evolusjon\u00e6re nettverk som vekker undring ogs\u00e5 blant forskere. Les om spektakul\u00e6re vandringer, sommerfuglers elskovsliv, metamorfosens mysterier og parasittenes snedige strategier. L\u00e6r om ikoniske arter som apollosommerfugl, svalestjert og morfosommerfugl.<\/p>\r\n\r\n\r\n\r\n<p>Dette er en bok om naturens mangfold og sterke egenr\u00e5dighet. En fortelling i tekst og bilder hvor sommerfuglens skj\u00f8nnhet vises fram i samspill med milj\u00f8et de beveger seg i. En bok som fornyer undring og naturglede.<\/p>\r\n\r\n\r\n\r\n<p><strong>Vi har snakket med forfatteren bak boka <em>Sommerfuglenes verden<\/em>, Markus Lindholm. Hvordan ble interessen for sommerfuglen vekket, Markus?<\/strong><\/p>\r\n\r\n\r\n\r\n<blockquote class=\"wp-block-quote is-layout-flow wp-block-quote-is-layout-flow\">\r\n<blockquote class=\"wp-block-quote is-style-plain is-layout-flow wp-block-quote-is-layout-flow\">\r\n<p>Sommerfugler har opptatt meg s\u00e5 lenge jeg kan huske, jeg begynte \u00e5 samle som seks\u00e5ring. Da jeg fylte sju fikk jeg min f\u00f8rste bok, og den var om sommerfugler. En dag oppi bakken mens jeg plukket markjordb\u00e6r oppdaget jeg en jeg ikke hadde sett f\u00f8r, og jeg fikk kastet jordb\u00e6rkoppen over den og fikk den med. Den var fl\u00f8yelsbrun med en vakker stor gullfarget dr\u00e5pe midt p\u00e5 hver forving. Hva kunne det v\u00e6re? Enden p\u00e5 visa ble at mor (hva gjorde vi uten m\u00f8dre?!) tok meg med til museet p\u00e5 T\u00f8yen, et digert granittbygg med enorme, tunge gr\u00f8nne d\u00f8rer. Der fikk vi m\u00f8te en voksen, alvorlig mann \u2013 han var FORSKER! og visste ALT om alt i verden! Han sa meg ogs\u00e5 navnet, og fortalte at sommerfuglen var sjelden.<\/p>\r\n\r\n\r\n\r\n<p>Fra samme stund visste jeg at forskere \u2013 de sto tett bak V\u00e5r Herre i rekka over de som hadde peiling. Jeg ville ogs\u00e5 bli forsker, men tenkte at det \u2013 det klarer du aldri i livet&#8230;<\/p>\r\n<\/blockquote>\r\n<\/blockquote>\r\n\r\n\r\n\r\n<figure class=\"wp-block-image size-full\"><img fetchpriority=\"high\" decoding=\"async\" width=\"392\" height=\"385\" class=\"wp-image-25645\" src=\"https:\/\/staging.forenteforlag.no\/spartacus\/wp-content\/uploads\/sites\/6\/2025\/08\/Markus-samler-sommerfugler.jpg\" alt=\"\" srcset=\"https:\/\/staging.forenteforlag.no\/spartacus\/wp-content\/uploads\/sites\/6\/2025\/08\/Markus-samler-sommerfugler.jpg 392w, https:\/\/staging.forenteforlag.no\/spartacus\/wp-content\/uploads\/sites\/6\/2025\/08\/Markus-samler-sommerfugler-300x295.jpg 300w\" sizes=\"(max-width: 392px) 100vw, 392px\" \/><\/figure>\r\n\r\n\r\n\r\n<p><strong>Hvordan jakter man p\u00e5 sommerfugl?<\/strong><\/p>\r\n\r\n\r\n\r\n<blockquote class=\"wp-block-quote is-layout-flow wp-block-quote-is-layout-flow\">\r\n<p>Jeg begynte med h\u00e5v, men klarte aldri \u00e5 f\u00e5 noen stor samling. Etter hvert som jeg l\u00e6rte om evolusjon (jeg samlet ogs\u00e5 p\u00e5 fossiler) og \u00f8kologi, skj\u00f8nte jeg at det er minst like g\u00f8y \u00e5 finne egg og larver, og avle dem fram hjemme, for s\u00e5 \u00e5 slippe dem ut. Som voksen har nok evolusjon, \u00f8kologi og naturglede tatt over. S\u00e5 n\u00e5r jeg er ute, ser jeg mer etter hva sommerfuglene holder p\u00e5 med, l\u00e6rer plantene de legger egg p\u00e5, ser etter larver og s\u00e5nt.<\/p>\r\n<\/blockquote>\r\n\r\n\r\n\r\n<p>&nbsp;<\/p>\r\n\r\n\r\n\r\n<p><strong>Er det mulig \u00e5 g\u00e5 inn i hodet p\u00e5 en sommerfugl, p\u00e5 samme m\u00e5te som en fluefisker fors\u00f8ker \u00e5 tenke som en fisk n\u00e5r hun jakter p\u00e5 stor\u00f8rreten?<\/strong><\/p>\r\n\r\n\r\n\r\n<blockquote class=\"wp-block-quote is-layout-flow wp-block-quote-is-layout-flow\">\r\n<p>Det er jo en av biologiens deiligste g\u00e5ter! Mange har lurt p\u00e5 det. Jeg tror man i alle fall litt etter litt kan f\u00e5 en \u00f8rliten snipp av opplevelse av hvordan sommerfuglens verden arter seg. Man vet at sommerfugler har omtrent samme smakssanser som vi har, og det faktum at ogs\u00e5 vi synes de er vakre \u2013 man vet ikke helt hvorfor de er s\u00e5 fantastisk fargerike og vakre, men til dels gj\u00f8r de det nok for \u00e5 varte hverandre opp \u2013 men alts\u00e5, at vi har samme smak for skj\u00f8nnhet \u2013 det antyder at opplevelsesm\u00e5tene ikke er fundamentalt forskjellige. Mennesker og sommerfugler er del av det samme livets store eventyr. Vi er ikke isolerte \u00f8yer (selv om hardkokte rasjonalister elsker \u00e5 p\u00e5st\u00e5 det), men tok form under samme bl\u00e5 himmel.<\/p>\r\n\r\n\r\n\r\n<p>&nbsp;<\/p>\r\n<\/blockquote>\r\n\r\n\r\n\r\n<p><strong>Er sommerfuglen truet av menneskene?<\/strong><\/p>\r\n\r\n\r\n\r\n<blockquote class=\"wp-block-quote is-layout-flow wp-block-quote-is-layout-flow\">\r\n<p>Ja, det st\u00e5r ikke like bra til overalt, som vi skriver om i boka. Men det fantastiske er jo samtidig at den rike sommerfuglefaunaen vi har arvet, i stor grad tok form gjennom det gamle, varierte kulturlandskapet! At det har v\u00e6rt mye sommerfugler, skyldes faktisk i stor grad ogs\u00e5 mennesker. Vi m\u00e5 slutte \u00e5 spre myter om mennesket som natur\u00f8deleggere, men heller se hva vi har arvet, og hvordan det mangfoldet kan fornyes og f\u00f8res videre. Men vi har, som overfor naturen ellers, en jobb \u00e5 gj\u00f8re.<\/p>\r\n<\/blockquote>\r\n\r\n\r\n\r\n<p><strong>Hva vil dere vi skal sitte igjen med etter \u00e5 ha lest boka?<\/strong><\/p>\r\n\r\n\r\n\r\n<blockquote class=\"wp-block-quote is-layout-flow wp-block-quote-is-layout-flow\">\r\n<p>Jeg vil at folk skal oppdage at sommerfugler og natur er store undere. Det betyr at det fortsatt er store g\u00e5ter i verden. Det er viktig for det skaper oppdagerglede og gj\u00f8r at man f\u00e5r lyst til \u00e5 tenke. Altfor ofte fremstilles natur som et stort maskineri vi forst\u00e5r til bunns. Det er b\u00e5de feil, og dypt demoraliserende \u2013 da blir det jo ikke noe annet igjen \u00e5 gj\u00f8re enn \u00e5 sl\u00e5 i hjel tiden? Men om natur faktisk fortsatt er et under \u2013 ogs\u00e5 for professorer i biologi \u2013 da f\u00e5r man lyst til \u00e5 l\u00f8pe ut i krattet og oppdager mer, forst\u00e5 mer. Man f\u00e5r lyst til \u00e5 tenke, rett og slett. Slikt h\u00e5per jeg boka kan bidra til.<\/p>\r\n<\/blockquote>\r\n","protected":false},"excerpt":{"rendered":"<p>Lette vinger, lysende farger og forbl\u00f8ffende m\u00f8nstre: Alle stopper ved synet av sommerfugler. Hvem er de? Hvor kommer all skj\u00f8nnheten fra? &nbsp; Bli med inn i sommerfuglens verden, preget av komplekse \u00f8kologiske og evolusjon\u00e6re nettverk som vekker undring ogs\u00e5 blant forskere. Les om spektakul\u00e6re vandringer, sommerfuglers elskovsliv, metamorfosens mysterier og parasittenes snedige strategier. L\u00e6r om [&hellip;]<\/p>\n","protected":false},"author":9,"featured_media":25649,"comment_status":"closed","ping_status":"closed","sticky":false,"template":"","format":"standard","meta":{"_acf_changed":false,"inline_featured_image":false,"footnotes":""},"categories":[1],"tags":[1799,1797,1798,1796],"class_list":["post-25644","post","type-post","status-publish","format-standard","has-post-thumbnail","hentry","category-uncategorized","tag-foto","tag-natur","tag-populaervitenskap","tag-sommerfugler"],"acf":[],"yoast_head":"<!-- This site is optimized with the Yoast SEO plugin v26.6 - https:\/\/yoast.com\/wordpress\/plugins\/seo\/ -->\n<title>Sl\u00e5ende vakkert om sommerfugler - Spartacus<\/title>\n<meta name=\"robots\" content=\"noindex, follow, max-snippet:-1, max-image-preview:large, max-video-preview:-1\" \/>\n<meta property=\"og:locale\" content=\"nb_NO\" \/>\n<meta property=\"og:type\" content=\"article\" \/>\n<meta property=\"og:title\" content=\"Sl\u00e5ende vakkert om sommerfugler - Spartacus\" \/>\n<meta property=\"og:description\" content=\"Lette vinger, lysende farger og forbl\u00f8ffende m\u00f8nstre: Alle stopper ved synet av sommerfugler. Hvem er de? Hvor kommer all skj\u00f8nnheten fra? &nbsp; Bli med inn i sommerfuglens verden, preget av komplekse \u00f8kologiske og evolusjon\u00e6re nettverk som vekker undring ogs\u00e5 blant forskere. Les om spektakul\u00e6re vandringer, sommerfuglers elskovsliv, metamorfosens mysterier og parasittenes snedige strategier. L\u00e6r om [&hellip;]\" \/>\n<meta property=\"og:url\" content=\"https:\/\/staging.forenteforlag.no\/spartacus\/slaende-vakkert-om-sommerfugler\/\" \/>\n<meta property=\"og:site_name\" content=\"Spartacus\" \/>\n<meta property=\"article:publisher\" content=\"https:\/\/www.facebook.com\/SpartacusForlag\" \/>\n<meta property=\"article:published_time\" content=\"2025-08-13T09:01:49+00:00\" \/>\n<meta property=\"article:modified_time\" content=\"2025-09-03T08:00:25+00:00\" \/>\n<meta property=\"og:image\" content=\"https:\/\/staging.forenteforlag.no\/spartacus\/wp-content\/uploads\/sites\/6\/2025\/08\/1290x677Sommerfuglens_verden_banner-kopi-scaled.jpeg\" \/>\n\t<meta property=\"og:image:width\" content=\"1920\" \/>\n\t<meta property=\"og:image:height\" content=\"1008\" \/>\n\t<meta property=\"og:image:type\" content=\"image\/jpeg\" \/>\n<meta name=\"author\" content=\"Spartacus Forlag\" \/>\n<meta name=\"twitter:card\" content=\"summary_large_image\" \/>\n<meta name=\"twitter:label1\" content=\"Skrevet av\" \/>\n\t<meta name=\"twitter:data1\" content=\"Spartacus Forlag\" \/>\n\t<meta name=\"twitter:label2\" content=\"Ansl. lesetid\" \/>\n\t<meta name=\"twitter:data2\" content=\"2 minutter\" \/>\n<script type=\"application\/ld+json\" class=\"yoast-schema-graph\">{\"@context\":\"https:\/\/schema.org\",\"@graph\":[{\"@type\":\"Article\",\"@id\":\"https:\/\/staging.forenteforlag.no\/spartacus\/slaende-vakkert-om-sommerfugler\/#article\",\"isPartOf\":{\"@id\":\"https:\/\/staging.forenteforlag.no\/spartacus\/slaende-vakkert-om-sommerfugler\/\"},\"author\":{\"name\":\"Spartacus Forlag\",\"@id\":\"https:\/\/staging.forenteforlag.no\/spartacus\/#\/schema\/person\/fbb0f34110c59898bc00e830923d8ae9\"},\"headline\":\"Sl\u00e5ende vakkert om sommerfugler\",\"datePublished\":\"2025-08-13T09:01:49+00:00\",\"dateModified\":\"2025-09-03T08:00:25+00:00\",\"mainEntityOfPage\":{\"@id\":\"https:\/\/staging.forenteforlag.no\/spartacus\/slaende-vakkert-om-sommerfugler\/\"},\"wordCount\":793,\"publisher\":{\"@id\":\"https:\/\/staging.forenteforlag.no\/spartacus\/#organization\"},\"image\":{\"@id\":\"https:\/\/staging.forenteforlag.no\/spartacus\/slaende-vakkert-om-sommerfugler\/#primaryimage\"},\"thumbnailUrl\":\"https:\/\/staging.forenteforlag.no\/spartacus\/wp-content\/uploads\/sites\/6\/2025\/08\/1290x677Sommerfuglens_verden_banner-kopi-scaled.jpeg\",\"keywords\":[\"Foto\",\"Natur\",\"Popul\u00e6rvitenskap\",\"Sommerfugler\"],\"articleSection\":[\"Uncategorized\"],\"inLanguage\":\"nb-NO\"},{\"@type\":\"WebPage\",\"@id\":\"https:\/\/staging.forenteforlag.no\/spartacus\/slaende-vakkert-om-sommerfugler\/\",\"url\":\"https:\/\/staging.forenteforlag.no\/spartacus\/slaende-vakkert-om-sommerfugler\/\",\"name\":\"Sl\u00e5ende vakkert om sommerfugler - Spartacus\",\"isPartOf\":{\"@id\":\"https:\/\/staging.forenteforlag.no\/spartacus\/#website\"},\"primaryImageOfPage\":{\"@id\":\"https:\/\/staging.forenteforlag.no\/spartacus\/slaende-vakkert-om-sommerfugler\/#primaryimage\"},\"image\":{\"@id\":\"https:\/\/staging.forenteforlag.no\/spartacus\/slaende-vakkert-om-sommerfugler\/#primaryimage\"},\"thumbnailUrl\":\"https:\/\/staging.forenteforlag.no\/spartacus\/wp-content\/uploads\/sites\/6\/2025\/08\/1290x677Sommerfuglens_verden_banner-kopi-scaled.jpeg\",\"datePublished\":\"2025-08-13T09:01:49+00:00\",\"dateModified\":\"2025-09-03T08:00:25+00:00\",\"breadcrumb\":{\"@id\":\"https:\/\/staging.forenteforlag.no\/spartacus\/slaende-vakkert-om-sommerfugler\/#breadcrumb\"},\"inLanguage\":\"nb-NO\",\"potentialAction\":[{\"@type\":\"ReadAction\",\"target\":[\"https:\/\/staging.forenteforlag.no\/spartacus\/slaende-vakkert-om-sommerfugler\/\"]}]},{\"@type\":\"ImageObject\",\"inLanguage\":\"nb-NO\",\"@id\":\"https:\/\/staging.forenteforlag.no\/spartacus\/slaende-vakkert-om-sommerfugler\/#primaryimage\",\"url\":\"https:\/\/staging.forenteforlag.no\/spartacus\/wp-content\/uploads\/sites\/6\/2025\/08\/1290x677Sommerfuglens_verden_banner-kopi-scaled.jpeg\",\"contentUrl\":\"https:\/\/staging.forenteforlag.no\/spartacus\/wp-content\/uploads\/sites\/6\/2025\/08\/1290x677Sommerfuglens_verden_banner-kopi-scaled.jpeg\",\"width\":1920,\"height\":1008},{\"@type\":\"BreadcrumbList\",\"@id\":\"https:\/\/staging.forenteforlag.no\/spartacus\/slaende-vakkert-om-sommerfugler\/#breadcrumb\",\"itemListElement\":[{\"@type\":\"ListItem\",\"position\":1,\"name\":\"Hjem\",\"item\":\"https:\/\/staging.forenteforlag.no\/spartacus\/\"},{\"@type\":\"ListItem\",\"position\":2,\"name\":\"Sl\u00e5ende vakkert om sommerfugler\"}]},{\"@type\":\"WebSite\",\"@id\":\"https:\/\/staging.forenteforlag.no\/spartacus\/#website\",\"url\":\"https:\/\/staging.forenteforlag.no\/spartacus\/\",\"name\":\"Spartacus forlag\",\"description\":\"\",\"publisher\":{\"@id\":\"https:\/\/staging.forenteforlag.no\/spartacus\/#organization\"},\"potentialAction\":[{\"@type\":\"SearchAction\",\"target\":{\"@type\":\"EntryPoint\",\"urlTemplate\":\"https:\/\/staging.forenteforlag.no\/spartacus\/?s={search_term_string}\"},\"query-input\":{\"@type\":\"PropertyValueSpecification\",\"valueRequired\":true,\"valueName\":\"search_term_string\"}}],\"inLanguage\":\"nb-NO\"},{\"@type\":\"Organization\",\"@id\":\"https:\/\/staging.forenteforlag.no\/spartacus\/#organization\",\"name\":\"Spartacus forlag\",\"url\":\"https:\/\/staging.forenteforlag.no\/spartacus\/\",\"logo\":{\"@type\":\"ImageObject\",\"inLanguage\":\"nb-NO\",\"@id\":\"https:\/\/staging.forenteforlag.no\/spartacus\/#\/schema\/logo\/image\/\",\"url\":\"https:\/\/staging.forenteforlag.no\/spartacus\/wp-content\/uploads\/sites\/6\/2024\/09\/Spartacus_logo.svg\",\"contentUrl\":\"https:\/\/staging.forenteforlag.no\/spartacus\/wp-content\/uploads\/sites\/6\/2024\/09\/Spartacus_logo.svg\",\"width\":100,\"height\":100,\"caption\":\"Spartacus forlag\"},\"image\":{\"@id\":\"https:\/\/staging.forenteforlag.no\/spartacus\/#\/schema\/logo\/image\/\"},\"sameAs\":[\"https:\/\/www.facebook.com\/SpartacusForlag\"]},{\"@type\":\"Person\",\"@id\":\"https:\/\/staging.forenteforlag.no\/spartacus\/#\/schema\/person\/fbb0f34110c59898bc00e830923d8ae9\",\"name\":\"Spartacus Forlag\",\"image\":{\"@type\":\"ImageObject\",\"inLanguage\":\"nb-NO\",\"@id\":\"https:\/\/staging.forenteforlag.no\/spartacus\/#\/schema\/person\/image\/\",\"url\":\"https:\/\/staging.forenteforlag.no\/spartacus\/wp-content\/litespeed\/avatar\/6\/e0e8f444b47247b8ce7171dab08fe213.jpg?ver=1777228182\",\"contentUrl\":\"https:\/\/staging.forenteforlag.no\/spartacus\/wp-content\/litespeed\/avatar\/6\/e0e8f444b47247b8ce7171dab08fe213.jpg?ver=1777228182\",\"caption\":\"Spartacus Forlag\"},\"url\":\"https:\/\/staging.forenteforlag.no\/spartacus\/author\/nichlas\/\"}]}<\/script>\n<!-- \/ Yoast SEO plugin. -->","yoast_head_json":{"title":"Sl\u00e5ende vakkert om sommerfugler - Spartacus","robots":{"index":"noindex","follow":"follow","max-snippet":"max-snippet:-1","max-image-preview":"max-image-preview:large","max-video-preview":"max-video-preview:-1"},"og_locale":"nb_NO","og_type":"article","og_title":"Sl\u00e5ende vakkert om sommerfugler - Spartacus","og_description":"Lette vinger, lysende farger og forbl\u00f8ffende m\u00f8nstre: Alle stopper ved synet av sommerfugler. Hvem er de? Hvor kommer all skj\u00f8nnheten fra? &nbsp; Bli med inn i sommerfuglens verden, preget av komplekse \u00f8kologiske og evolusjon\u00e6re nettverk som vekker undring ogs\u00e5 blant forskere. Les om spektakul\u00e6re vandringer, sommerfuglers elskovsliv, metamorfosens mysterier og parasittenes snedige strategier. L\u00e6r om [&hellip;]","og_url":"https:\/\/staging.forenteforlag.no\/spartacus\/slaende-vakkert-om-sommerfugler\/","og_site_name":"Spartacus","article_publisher":"https:\/\/www.facebook.com\/SpartacusForlag","article_published_time":"2025-08-13T09:01:49+00:00","article_modified_time":"2025-09-03T08:00:25+00:00","og_image":[{"width":1920,"height":1008,"url":"https:\/\/staging.forenteforlag.no\/spartacus\/wp-content\/uploads\/sites\/6\/2025\/08\/1290x677Sommerfuglens_verden_banner-kopi-scaled.jpeg","type":"image\/jpeg"}],"author":"Spartacus Forlag","twitter_card":"summary_large_image","twitter_misc":{"Skrevet av":"Spartacus Forlag","Ansl. lesetid":"2 minutter"},"schema":{"@context":"https:\/\/schema.org","@graph":[{"@type":"Article","@id":"https:\/\/staging.forenteforlag.no\/spartacus\/slaende-vakkert-om-sommerfugler\/#article","isPartOf":{"@id":"https:\/\/staging.forenteforlag.no\/spartacus\/slaende-vakkert-om-sommerfugler\/"},"author":{"name":"Spartacus Forlag","@id":"https:\/\/staging.forenteforlag.no\/spartacus\/#\/schema\/person\/fbb0f34110c59898bc00e830923d8ae9"},"headline":"Sl\u00e5ende vakkert om sommerfugler","datePublished":"2025-08-13T09:01:49+00:00","dateModified":"2025-09-03T08:00:25+00:00","mainEntityOfPage":{"@id":"https:\/\/staging.forenteforlag.no\/spartacus\/slaende-vakkert-om-sommerfugler\/"},"wordCount":793,"publisher":{"@id":"https:\/\/staging.forenteforlag.no\/spartacus\/#organization"},"image":{"@id":"https:\/\/staging.forenteforlag.no\/spartacus\/slaende-vakkert-om-sommerfugler\/#primaryimage"},"thumbnailUrl":"https:\/\/staging.forenteforlag.no\/spartacus\/wp-content\/uploads\/sites\/6\/2025\/08\/1290x677Sommerfuglens_verden_banner-kopi-scaled.jpeg","keywords":["Foto","Natur","Popul\u00e6rvitenskap","Sommerfugler"],"articleSection":["Uncategorized"],"inLanguage":"nb-NO"},{"@type":"WebPage","@id":"https:\/\/staging.forenteforlag.no\/spartacus\/slaende-vakkert-om-sommerfugler\/","url":"https:\/\/staging.forenteforlag.no\/spartacus\/slaende-vakkert-om-sommerfugler\/","name":"Sl\u00e5ende vakkert om sommerfugler - Spartacus","isPartOf":{"@id":"https:\/\/staging.forenteforlag.no\/spartacus\/#website"},"primaryImageOfPage":{"@id":"https:\/\/staging.forenteforlag.no\/spartacus\/slaende-vakkert-om-sommerfugler\/#primaryimage"},"image":{"@id":"https:\/\/staging.forenteforlag.no\/spartacus\/slaende-vakkert-om-sommerfugler\/#primaryimage"},"thumbnailUrl":"https:\/\/staging.forenteforlag.no\/spartacus\/wp-content\/uploads\/sites\/6\/2025\/08\/1290x677Sommerfuglens_verden_banner-kopi-scaled.jpeg","datePublished":"2025-08-13T09:01:49+00:00","dateModified":"2025-09-03T08:00:25+00:00","breadcrumb":{"@id":"https:\/\/staging.forenteforlag.no\/spartacus\/slaende-vakkert-om-sommerfugler\/#breadcrumb"},"inLanguage":"nb-NO","potentialAction":[{"@type":"ReadAction","target":["https:\/\/staging.forenteforlag.no\/spartacus\/slaende-vakkert-om-sommerfugler\/"]}]},{"@type":"ImageObject","inLanguage":"nb-NO","@id":"https:\/\/staging.forenteforlag.no\/spartacus\/slaende-vakkert-om-sommerfugler\/#primaryimage","url":"https:\/\/staging.forenteforlag.no\/spartacus\/wp-content\/uploads\/sites\/6\/2025\/08\/1290x677Sommerfuglens_verden_banner-kopi-scaled.jpeg","contentUrl":"https:\/\/staging.forenteforlag.no\/spartacus\/wp-content\/uploads\/sites\/6\/2025\/08\/1290x677Sommerfuglens_verden_banner-kopi-scaled.jpeg","width":1920,"height":1008},{"@type":"BreadcrumbList","@id":"https:\/\/staging.forenteforlag.no\/spartacus\/slaende-vakkert-om-sommerfugler\/#breadcrumb","itemListElement":[{"@type":"ListItem","position":1,"name":"Hjem","item":"https:\/\/staging.forenteforlag.no\/spartacus\/"},{"@type":"ListItem","position":2,"name":"Sl\u00e5ende vakkert om sommerfugler"}]},{"@type":"WebSite","@id":"https:\/\/staging.forenteforlag.no\/spartacus\/#website","url":"https:\/\/staging.forenteforlag.no\/spartacus\/","name":"Spartacus forlag","description":"","publisher":{"@id":"https:\/\/staging.forenteforlag.no\/spartacus\/#organization"},"potentialAction":[{"@type":"SearchAction","target":{"@type":"EntryPoint","urlTemplate":"https:\/\/staging.forenteforlag.no\/spartacus\/?s={search_term_string}"},"query-input":{"@type":"PropertyValueSpecification","valueRequired":true,"valueName":"search_term_string"}}],"inLanguage":"nb-NO"},{"@type":"Organization","@id":"https:\/\/staging.forenteforlag.no\/spartacus\/#organization","name":"Spartacus forlag","url":"https:\/\/staging.forenteforlag.no\/spartacus\/","logo":{"@type":"ImageObject","inLanguage":"nb-NO","@id":"https:\/\/staging.forenteforlag.no\/spartacus\/#\/schema\/logo\/image\/","url":"https:\/\/staging.forenteforlag.no\/spartacus\/wp-content\/uploads\/sites\/6\/2024\/09\/Spartacus_logo.svg","contentUrl":"https:\/\/staging.forenteforlag.no\/spartacus\/wp-content\/uploads\/sites\/6\/2024\/09\/Spartacus_logo.svg","width":100,"height":100,"caption":"Spartacus forlag"},"image":{"@id":"https:\/\/staging.forenteforlag.no\/spartacus\/#\/schema\/logo\/image\/"},"sameAs":["https:\/\/www.facebook.com\/SpartacusForlag"]},{"@type":"Person","@id":"https:\/\/staging.forenteforlag.no\/spartacus\/#\/schema\/person\/fbb0f34110c59898bc00e830923d8ae9","name":"Spartacus Forlag","image":{"@type":"ImageObject","inLanguage":"nb-NO","@id":"https:\/\/staging.forenteforlag.no\/spartacus\/#\/schema\/person\/image\/","url":"https:\/\/staging.forenteforlag.no\/spartacus\/wp-content\/litespeed\/avatar\/6\/e0e8f444b47247b8ce7171dab08fe213.jpg?ver=1777228182","contentUrl":"https:\/\/staging.forenteforlag.no\/spartacus\/wp-content\/litespeed\/avatar\/6\/e0e8f444b47247b8ce7171dab08fe213.jpg?ver=1777228182","caption":"Spartacus Forlag"},"url":"https:\/\/staging.forenteforlag.no\/spartacus\/author\/nichlas\/"}]}},"_links":{"self":[{"href":"https:\/\/staging.forenteforlag.no\/spartacus\/wp-json\/wp\/v2\/posts\/25644","targetHints":{"allow":["GET"]}}],"collection":[{"href":"https:\/\/staging.forenteforlag.no\/spartacus\/wp-json\/wp\/v2\/posts"}],"about":[{"href":"https:\/\/staging.forenteforlag.no\/spartacus\/wp-json\/wp\/v2\/types\/post"}],"author":[{"embeddable":true,"href":"https:\/\/staging.forenteforlag.no\/spartacus\/wp-json\/wp\/v2\/users\/9"}],"replies":[{"embeddable":true,"href":"https:\/\/staging.forenteforlag.no\/spartacus\/wp-json\/wp\/v2\/comments?post=25644"}],"version-history":[{"count":5,"href":"https:\/\/staging.forenteforlag.no\/spartacus\/wp-json\/wp\/v2\/posts\/25644\/revisions"}],"predecessor-version":[{"id":25659,"href":"https:\/\/staging.forenteforlag.no\/spartacus\/wp-json\/wp\/v2\/posts\/25644\/revisions\/25659"}],"wp:featuredmedia":[{"embeddable":true,"href":"https:\/\/staging.forenteforlag.no\/spartacus\/wp-json\/wp\/v2\/media\/25649"}],"wp:attachment":[{"href":"https:\/\/staging.forenteforlag.no\/spartacus\/wp-json\/wp\/v2\/media?parent=25644"}],"wp:term":[{"taxonomy":"category","embeddable":true,"href":"https:\/\/staging.forenteforlag.no\/spartacus\/wp-json\/wp\/v2\/categories?post=25644"},{"taxonomy":"post_tag","embeddable":true,"href":"https:\/\/staging.forenteforlag.no\/spartacus\/wp-json\/wp\/v2\/tags?post=25644"}],"curies":[{"name":"wp","href":"https:\/\/api.w.org\/{rel}","templated":true}]}}