{"id":29914,"date":"2026-02-06T09:00:51","date_gmt":"2026-02-06T08:00:51","guid":{"rendered":"https:\/\/pax.no\/?p=29914"},"modified":"2026-02-06T09:37:19","modified_gmt":"2026-02-06T08:37:19","slug":"lihkku-beivviin-2","status":"publish","type":"post","link":"https:\/\/staging.forenteforlag.no\/pax\/lihkku-beivviin-2\/","title":{"rendered":"Lihkku beivviin!"},"content":{"rendered":"<p><strong>I dag er det samenes nasjonaldag, og vi feirer med \u00e5 trekke fram to av v\u00e5re fremste skj\u00f8nnlitter\u00e6re forfattere. Begge er fra den svenske delen av S\u00e1pmi og skriver p\u00e5 svensk. B\u00f8kene deres er imidlertid godt festet i den samiske fortellertradisjonen.<\/strong><\/p>\n<p><strong>Lulesamiske Tina Harnesks roman\u00a0<em>Folk som s\u00e5r i sn\u00f8\u00a0<\/em>er m\u00e5nedens bok i bokhandelkjeden ARK.<\/strong><br \/>\n\u2013 Denne f\u00e5r et stort hjerte fra meg! Her er en god blanding av humor og alvor, krydret med levende spr\u00e5k og varme karakterer, sier bokansvarlig i ARK om romanen.\u00a0Ogs\u00e5 Dagbladets anmelder Inger Bentzrud var begeistret da boka kom ut: \u00abHer er det rikelig forsynt med morsomheter, misforst\u00e5elser og kulturkollisjoner fra vinterkalde bygdesamfunn i Norrland\u00bb. Adresseavisens Vigdis Moe Skarstein fulgte opp med: \u00abUnderholdende samisk feelgood.\u00bb<\/p>\n<p><em>Folk som s\u00e5r i sn\u00f8<\/em>\u00a0ble k\u00e5ret til \u00c5rets bok i Sverige i 2023 og er blitt sammenlignet med\u00a0En mann ved navn Ove\u00a0av Fredrik Backman. Den er under oversettelse til 20 spr\u00e5k. Den norske oversettelsen er ved Hilde Matre Larsen.<\/p>\n<p><strong><a href=\"https:\/\/www.ark.no\/inspirasjon\/manedens-boker\" target=\"_blank\" rel=\"noopener\">Kj\u00f8p boka<\/a><\/strong><\/p>\n<p>&nbsp;<\/p>\n<p><strong>Nordsamiske Elin Anna Labbas mektige og poetiske roman er ute i pocket.<\/strong><br \/>\n<em>Dra ikke til havet\u00a0<\/em>bygger p\u00e5 historier om samebyer som ble demt ned under de storstilte kraftutbyggingene i Sverige p\u00e5 1900-tallet.\u00a0Da I\u014bga og moren R\u00e1vdn\u00e1 kommer hjem til sommerlandet, ligger landsbyen allerede under vann. Uten forvarsel har kraftselskapet demt opp sj\u00f8en. Bare taket p\u00e5 gammene stikker opp. Hva gj\u00f8r de n\u00e5?<\/p>\n<p><em>Dra ikke til havet<\/em>\u00a0er Labbas f\u00f8rste roman og er oversatt av Erik Krogstad.<\/p>\n<p><strong><a href=\"https:\/\/staging.forenteforlag.no\/pax\/produkt\/dra-ikke-til-havet-2\/\">Kj\u00f8p boka<\/a><\/strong><\/p>\n","protected":false},"excerpt":{"rendered":"<p>I dag er det samenes nasjonaldag, og vi feirer med \u00e5 trekke fram to av v\u00e5re fremste skj\u00f8nnlitter\u00e6re forfattere. Begge er fra den svenske delen av S\u00e1pmi og skriver p\u00e5 svensk. B\u00f8kene deres er imidlertid godt festet i den samiske fortellertradisjonen. Lulesamiske Tina Harnesks roman\u00a0Folk som s\u00e5r i sn\u00f8\u00a0er m\u00e5nedens bok i bokhandelkjeden ARK. \u2013 [&hellip;]<\/p>\n","protected":false},"author":12,"featured_media":29915,"comment_status":"closed","ping_status":"closed","sticky":false,"template":"","format":"standard","meta":{"_acf_changed":false,"inline_featured_image":false,"footnotes":""},"categories":[1777],"tags":[],"class_list":["post-29914","post","type-post","status-publish","format-standard","has-post-thumbnail","hentry","category-pax"],"acf":[],"yoast_head":"<!-- This site is optimized with the Yoast SEO plugin v26.6 - https:\/\/yoast.com\/wordpress\/plugins\/seo\/ -->\n<title>Lihkku beivviin! - Pax<\/title>\n<meta name=\"robots\" content=\"noindex, follow, max-snippet:-1, max-image-preview:large, max-video-preview:-1\" \/>\n<meta property=\"og:locale\" content=\"nb_NO\" \/>\n<meta property=\"og:type\" content=\"article\" \/>\n<meta property=\"og:title\" content=\"Lihkku beivviin! - Pax\" \/>\n<meta property=\"og:description\" content=\"I dag er det samenes nasjonaldag, og vi feirer med \u00e5 trekke fram to av v\u00e5re fremste skj\u00f8nnlitter\u00e6re forfattere. Begge er fra den svenske delen av S\u00e1pmi og skriver p\u00e5 svensk. B\u00f8kene deres er imidlertid godt festet i den samiske fortellertradisjonen. Lulesamiske Tina Harnesks roman\u00a0Folk som s\u00e5r i sn\u00f8\u00a0er m\u00e5nedens bok i bokhandelkjeden ARK. \u2013 [&hellip;]\" \/>\n<meta property=\"og:url\" content=\"https:\/\/staging.forenteforlag.no\/pax\/lihkku-beivviin-2\/\" \/>\n<meta property=\"og:site_name\" content=\"Pax\" \/>\n<meta property=\"article:published_time\" content=\"2026-02-06T08:00:51+00:00\" \/>\n<meta property=\"article:modified_time\" content=\"2026-02-06T08:37:19+00:00\" \/>\n<meta property=\"og:image\" content=\"https:\/\/staging.forenteforlag.no\/pax\/wp-content\/uploads\/sites\/5\/2026\/02\/Design-uten-navn-62.png\" \/>\n\t<meta property=\"og:image:width\" content=\"1200\" \/>\n\t<meta property=\"og:image:height\" content=\"630\" \/>\n\t<meta property=\"og:image:type\" content=\"image\/png\" \/>\n<meta name=\"author\" content=\"Pax\" \/>\n<meta name=\"twitter:card\" content=\"summary_large_image\" \/>\n<meta name=\"twitter:label1\" content=\"Skrevet av\" \/>\n\t<meta name=\"twitter:data1\" content=\"Pax\" \/>\n\t<meta name=\"twitter:label2\" content=\"Ansl. lesetid\" \/>\n\t<meta name=\"twitter:data2\" content=\"2 minutter\" \/>\n<script type=\"application\/ld+json\" class=\"yoast-schema-graph\">{\"@context\":\"https:\/\/schema.org\",\"@graph\":[{\"@type\":\"WebPage\",\"@id\":\"https:\/\/staging.forenteforlag.no\/pax\/lihkku-beivviin-2\/\",\"url\":\"https:\/\/staging.forenteforlag.no\/pax\/lihkku-beivviin-2\/\",\"name\":\"Lihkku beivviin! - Pax\",\"isPartOf\":{\"@id\":\"https:\/\/staging.forenteforlag.no\/pax\/#website\"},\"primaryImageOfPage\":{\"@id\":\"https:\/\/staging.forenteforlag.no\/pax\/lihkku-beivviin-2\/#primaryimage\"},\"image\":{\"@id\":\"https:\/\/staging.forenteforlag.no\/pax\/lihkku-beivviin-2\/#primaryimage\"},\"thumbnailUrl\":\"https:\/\/staging.forenteforlag.no\/pax\/wp-content\/uploads\/sites\/5\/2026\/02\/Design-uten-navn-62.png\",\"datePublished\":\"2026-02-06T08:00:51+00:00\",\"dateModified\":\"2026-02-06T08:37:19+00:00\",\"author\":{\"@id\":\"https:\/\/staging.forenteforlag.no\/pax\/#\/schema\/person\/09e9c0888f9253598c6ebd4c10d995d5\"},\"breadcrumb\":{\"@id\":\"https:\/\/staging.forenteforlag.no\/pax\/lihkku-beivviin-2\/#breadcrumb\"},\"inLanguage\":\"nb-NO\",\"potentialAction\":[{\"@type\":\"ReadAction\",\"target\":[\"https:\/\/staging.forenteforlag.no\/pax\/lihkku-beivviin-2\/\"]}]},{\"@type\":\"ImageObject\",\"inLanguage\":\"nb-NO\",\"@id\":\"https:\/\/staging.forenteforlag.no\/pax\/lihkku-beivviin-2\/#primaryimage\",\"url\":\"https:\/\/staging.forenteforlag.no\/pax\/wp-content\/uploads\/sites\/5\/2026\/02\/Design-uten-navn-62.png\",\"contentUrl\":\"https:\/\/staging.forenteforlag.no\/pax\/wp-content\/uploads\/sites\/5\/2026\/02\/Design-uten-navn-62.png\",\"width\":1200,\"height\":630,\"caption\":\"Foto: Erik Abel og Carl Johan Utsi\"},{\"@type\":\"BreadcrumbList\",\"@id\":\"https:\/\/staging.forenteforlag.no\/pax\/lihkku-beivviin-2\/#breadcrumb\",\"itemListElement\":[{\"@type\":\"ListItem\",\"position\":1,\"name\":\"Hjem\",\"item\":\"https:\/\/staging.forenteforlag.no\/pax\/\"},{\"@type\":\"ListItem\",\"position\":2,\"name\":\"Lihkku beivviin!\"}]},{\"@type\":\"WebSite\",\"@id\":\"https:\/\/staging.forenteforlag.no\/pax\/#website\",\"url\":\"https:\/\/staging.forenteforlag.no\/pax\/\",\"name\":\"Pax\",\"description\":\"\",\"potentialAction\":[{\"@type\":\"SearchAction\",\"target\":{\"@type\":\"EntryPoint\",\"urlTemplate\":\"https:\/\/staging.forenteforlag.no\/pax\/?s={search_term_string}\"},\"query-input\":{\"@type\":\"PropertyValueSpecification\",\"valueRequired\":true,\"valueName\":\"search_term_string\"}}],\"inLanguage\":\"nb-NO\"},{\"@type\":\"Person\",\"@id\":\"https:\/\/staging.forenteforlag.no\/pax\/#\/schema\/person\/09e9c0888f9253598c6ebd4c10d995d5\",\"name\":\"Pax\",\"url\":\"https:\/\/staging.forenteforlag.no\/pax\/author\/audhild\/\"}]}<\/script>\n<!-- \/ Yoast SEO plugin. -->","yoast_head_json":{"title":"Lihkku beivviin! - Pax","robots":{"index":"noindex","follow":"follow","max-snippet":"max-snippet:-1","max-image-preview":"max-image-preview:large","max-video-preview":"max-video-preview:-1"},"og_locale":"nb_NO","og_type":"article","og_title":"Lihkku beivviin! - Pax","og_description":"I dag er det samenes nasjonaldag, og vi feirer med \u00e5 trekke fram to av v\u00e5re fremste skj\u00f8nnlitter\u00e6re forfattere. Begge er fra den svenske delen av S\u00e1pmi og skriver p\u00e5 svensk. B\u00f8kene deres er imidlertid godt festet i den samiske fortellertradisjonen. Lulesamiske Tina Harnesks roman\u00a0Folk som s\u00e5r i sn\u00f8\u00a0er m\u00e5nedens bok i bokhandelkjeden ARK. \u2013 [&hellip;]","og_url":"https:\/\/staging.forenteforlag.no\/pax\/lihkku-beivviin-2\/","og_site_name":"Pax","article_published_time":"2026-02-06T08:00:51+00:00","article_modified_time":"2026-02-06T08:37:19+00:00","og_image":[{"width":1200,"height":630,"url":"https:\/\/staging.forenteforlag.no\/pax\/wp-content\/uploads\/sites\/5\/2026\/02\/Design-uten-navn-62.png","type":"image\/png"}],"author":"Pax","twitter_card":"summary_large_image","twitter_misc":{"Skrevet av":"Pax","Ansl. lesetid":"2 minutter"},"schema":{"@context":"https:\/\/schema.org","@graph":[{"@type":"WebPage","@id":"https:\/\/staging.forenteforlag.no\/pax\/lihkku-beivviin-2\/","url":"https:\/\/staging.forenteforlag.no\/pax\/lihkku-beivviin-2\/","name":"Lihkku beivviin! - Pax","isPartOf":{"@id":"https:\/\/staging.forenteforlag.no\/pax\/#website"},"primaryImageOfPage":{"@id":"https:\/\/staging.forenteforlag.no\/pax\/lihkku-beivviin-2\/#primaryimage"},"image":{"@id":"https:\/\/staging.forenteforlag.no\/pax\/lihkku-beivviin-2\/#primaryimage"},"thumbnailUrl":"https:\/\/staging.forenteforlag.no\/pax\/wp-content\/uploads\/sites\/5\/2026\/02\/Design-uten-navn-62.png","datePublished":"2026-02-06T08:00:51+00:00","dateModified":"2026-02-06T08:37:19+00:00","author":{"@id":"https:\/\/staging.forenteforlag.no\/pax\/#\/schema\/person\/09e9c0888f9253598c6ebd4c10d995d5"},"breadcrumb":{"@id":"https:\/\/staging.forenteforlag.no\/pax\/lihkku-beivviin-2\/#breadcrumb"},"inLanguage":"nb-NO","potentialAction":[{"@type":"ReadAction","target":["https:\/\/staging.forenteforlag.no\/pax\/lihkku-beivviin-2\/"]}]},{"@type":"ImageObject","inLanguage":"nb-NO","@id":"https:\/\/staging.forenteforlag.no\/pax\/lihkku-beivviin-2\/#primaryimage","url":"https:\/\/staging.forenteforlag.no\/pax\/wp-content\/uploads\/sites\/5\/2026\/02\/Design-uten-navn-62.png","contentUrl":"https:\/\/staging.forenteforlag.no\/pax\/wp-content\/uploads\/sites\/5\/2026\/02\/Design-uten-navn-62.png","width":1200,"height":630,"caption":"Foto: Erik Abel og Carl Johan Utsi"},{"@type":"BreadcrumbList","@id":"https:\/\/staging.forenteforlag.no\/pax\/lihkku-beivviin-2\/#breadcrumb","itemListElement":[{"@type":"ListItem","position":1,"name":"Hjem","item":"https:\/\/staging.forenteforlag.no\/pax\/"},{"@type":"ListItem","position":2,"name":"Lihkku beivviin!"}]},{"@type":"WebSite","@id":"https:\/\/staging.forenteforlag.no\/pax\/#website","url":"https:\/\/staging.forenteforlag.no\/pax\/","name":"Pax","description":"","potentialAction":[{"@type":"SearchAction","target":{"@type":"EntryPoint","urlTemplate":"https:\/\/staging.forenteforlag.no\/pax\/?s={search_term_string}"},"query-input":{"@type":"PropertyValueSpecification","valueRequired":true,"valueName":"search_term_string"}}],"inLanguage":"nb-NO"},{"@type":"Person","@id":"https:\/\/staging.forenteforlag.no\/pax\/#\/schema\/person\/09e9c0888f9253598c6ebd4c10d995d5","name":"Pax","url":"https:\/\/staging.forenteforlag.no\/pax\/author\/audhild\/"}]}},"_links":{"self":[{"href":"https:\/\/staging.forenteforlag.no\/pax\/wp-json\/wp\/v2\/posts\/29914","targetHints":{"allow":["GET"]}}],"collection":[{"href":"https:\/\/staging.forenteforlag.no\/pax\/wp-json\/wp\/v2\/posts"}],"about":[{"href":"https:\/\/staging.forenteforlag.no\/pax\/wp-json\/wp\/v2\/types\/post"}],"author":[{"embeddable":true,"href":"https:\/\/staging.forenteforlag.no\/pax\/wp-json\/wp\/v2\/users\/12"}],"replies":[{"embeddable":true,"href":"https:\/\/staging.forenteforlag.no\/pax\/wp-json\/wp\/v2\/comments?post=29914"}],"version-history":[{"count":2,"href":"https:\/\/staging.forenteforlag.no\/pax\/wp-json\/wp\/v2\/posts\/29914\/revisions"}],"predecessor-version":[{"id":29917,"href":"https:\/\/staging.forenteforlag.no\/pax\/wp-json\/wp\/v2\/posts\/29914\/revisions\/29917"}],"wp:featuredmedia":[{"embeddable":true,"href":"https:\/\/staging.forenteforlag.no\/pax\/wp-json\/wp\/v2\/media\/29915"}],"wp:attachment":[{"href":"https:\/\/staging.forenteforlag.no\/pax\/wp-json\/wp\/v2\/media?parent=29914"}],"wp:term":[{"taxonomy":"category","embeddable":true,"href":"https:\/\/staging.forenteforlag.no\/pax\/wp-json\/wp\/v2\/categories?post=29914"},{"taxonomy":"post_tag","embeddable":true,"href":"https:\/\/staging.forenteforlag.no\/pax\/wp-json\/wp\/v2\/tags?post=29914"}],"curies":[{"name":"wp","href":"https:\/\/api.w.org\/{rel}","templated":true}]}}