{"id":29717,"date":"2025-11-14T10:09:36","date_gmt":"2025-11-14T09:09:36","guid":{"rendered":"https:\/\/pax.no\/?p=29717"},"modified":"2025-11-14T10:20:21","modified_gmt":"2025-11-14T09:20:21","slug":"podkast-med-arundhati-roy","status":"publish","type":"post","link":"https:\/\/staging.forenteforlag.no\/pax\/podkast-med-arundhati-roy\/","title":{"rendered":"H\u00f8r podkast med Arundhati Roy"},"content":{"rendered":"<p><strong>Den indiske stjerneforfatteren og aktivisten bes\u00f8kte nylig Oslo. N\u00e5 kan du h\u00f8re hele samtalen i Litteraturhusets podkast.\u00a0<\/strong><\/p>\n<p>20. oktober fylte Arundhati Roy Universitetets aula til randen. Samtalen mellom henne og den svenske forfatteren Athena Farrokhzad beveget seg fra Roys mor \u2013 som hennes siste bok\u00a0<em>Min storm og min havn<\/em>\u00a0handler om \u2013 til oppveksten i Kerala og hvordan hun ble den forfatteren og aktivisten hun er i dag.<\/p>\n<p><em>Min havn og min storm<\/em>\u00a0er oversatt til norsk av Kristi Vogt, som ogs\u00e5 oversatte Roys forrige bok,\u00a0<em>Ministeriet for den h\u00f8yeste lykke<\/em>.<\/p>\n<p><strong><a href=\"https:\/\/open.spotify.com\/episode\/4lxt5D8nnwuwwTzZ3eHEFz?si=02ab320668854163&amp;nd=1&amp;dlsi=0a152cd73748404e\" target=\"_blank\" rel=\"noopener\">H\u00f8r episoden<\/a><\/strong><\/p>\n","protected":false},"excerpt":{"rendered":"<p>Den indiske stjerneforfatteren og aktivisten bes\u00f8kte nylig Oslo. N\u00e5 kan du h\u00f8re hele samtalen i Litteraturhusets podkast.\u00a0 20. oktober fylte Arundhati Roy Universitetets aula til randen. Samtalen mellom henne og den svenske forfatteren Athena Farrokhzad beveget seg fra Roys mor \u2013 som hennes siste bok\u00a0Min storm og min havn\u00a0handler om \u2013 til oppveksten i Kerala [&hellip;]<\/p>\n","protected":false},"author":12,"featured_media":29718,"comment_status":"closed","ping_status":"closed","sticky":false,"template":"","format":"standard","meta":{"_acf_changed":false,"inline_featured_image":false,"footnotes":""},"categories":[1],"tags":[],"class_list":["post-29717","post","type-post","status-publish","format-standard","has-post-thumbnail","hentry","category-uncategorized"],"acf":[],"yoast_head":"<!-- This site is optimized with the Yoast SEO plugin v26.6 - https:\/\/yoast.com\/wordpress\/plugins\/seo\/ -->\n<title>H\u00f8r podkast med Arundhati Roy - Pax<\/title>\n<meta name=\"robots\" content=\"noindex, follow, max-snippet:-1, max-image-preview:large, max-video-preview:-1\" \/>\n<meta property=\"og:locale\" content=\"nb_NO\" \/>\n<meta property=\"og:type\" content=\"article\" \/>\n<meta property=\"og:title\" content=\"H\u00f8r podkast med Arundhati Roy - Pax\" \/>\n<meta property=\"og:description\" content=\"Den indiske stjerneforfatteren og aktivisten bes\u00f8kte nylig Oslo. N\u00e5 kan du h\u00f8re hele samtalen i Litteraturhusets podkast.\u00a0 20. oktober fylte Arundhati Roy Universitetets aula til randen. Samtalen mellom henne og den svenske forfatteren Athena Farrokhzad beveget seg fra Roys mor \u2013 som hennes siste bok\u00a0Min storm og min havn\u00a0handler om \u2013 til oppveksten i Kerala [&hellip;]\" \/>\n<meta property=\"og:url\" content=\"https:\/\/staging.forenteforlag.no\/pax\/podkast-med-arundhati-roy\/\" \/>\n<meta property=\"og:site_name\" content=\"Pax\" \/>\n<meta property=\"article:published_time\" content=\"2025-11-14T09:09:36+00:00\" \/>\n<meta property=\"article:modified_time\" content=\"2025-11-14T09:20:21+00:00\" \/>\n<meta property=\"og:image\" content=\"https:\/\/staging.forenteforlag.no\/pax\/wp-content\/uploads\/sites\/5\/2025\/11\/Design-uten-navn-42.png\" \/>\n\t<meta property=\"og:image:width\" content=\"1200\" \/>\n\t<meta property=\"og:image:height\" content=\"630\" \/>\n\t<meta property=\"og:image:type\" content=\"image\/png\" \/>\n<meta name=\"author\" content=\"Pax\" \/>\n<meta name=\"twitter:card\" content=\"summary_large_image\" \/>\n<meta name=\"twitter:label1\" content=\"Skrevet av\" \/>\n\t<meta name=\"twitter:data1\" content=\"Pax\" \/>\n\t<meta name=\"twitter:label2\" content=\"Ansl. lesetid\" \/>\n\t<meta name=\"twitter:data2\" content=\"1 minutt\" \/>\n<script type=\"application\/ld+json\" class=\"yoast-schema-graph\">{\"@context\":\"https:\/\/schema.org\",\"@graph\":[{\"@type\":\"WebPage\",\"@id\":\"https:\/\/staging.forenteforlag.no\/pax\/podkast-med-arundhati-roy\/\",\"url\":\"https:\/\/staging.forenteforlag.no\/pax\/podkast-med-arundhati-roy\/\",\"name\":\"H\u00f8r podkast med Arundhati Roy - Pax\",\"isPartOf\":{\"@id\":\"https:\/\/staging.forenteforlag.no\/pax\/#website\"},\"primaryImageOfPage\":{\"@id\":\"https:\/\/staging.forenteforlag.no\/pax\/podkast-med-arundhati-roy\/#primaryimage\"},\"image\":{\"@id\":\"https:\/\/staging.forenteforlag.no\/pax\/podkast-med-arundhati-roy\/#primaryimage\"},\"thumbnailUrl\":\"https:\/\/staging.forenteforlag.no\/pax\/wp-content\/uploads\/sites\/5\/2025\/11\/Design-uten-navn-42.png\",\"datePublished\":\"2025-11-14T09:09:36+00:00\",\"dateModified\":\"2025-11-14T09:20:21+00:00\",\"author\":{\"@id\":\"https:\/\/staging.forenteforlag.no\/pax\/#\/schema\/person\/09e9c0888f9253598c6ebd4c10d995d5\"},\"breadcrumb\":{\"@id\":\"https:\/\/staging.forenteforlag.no\/pax\/podkast-med-arundhati-roy\/#breadcrumb\"},\"inLanguage\":\"nb-NO\",\"potentialAction\":[{\"@type\":\"ReadAction\",\"target\":[\"https:\/\/staging.forenteforlag.no\/pax\/podkast-med-arundhati-roy\/\"]}]},{\"@type\":\"ImageObject\",\"inLanguage\":\"nb-NO\",\"@id\":\"https:\/\/staging.forenteforlag.no\/pax\/podkast-med-arundhati-roy\/#primaryimage\",\"url\":\"https:\/\/staging.forenteforlag.no\/pax\/wp-content\/uploads\/sites\/5\/2025\/11\/Design-uten-navn-42.png\",\"contentUrl\":\"https:\/\/staging.forenteforlag.no\/pax\/wp-content\/uploads\/sites\/5\/2025\/11\/Design-uten-navn-42.png\",\"width\":1200,\"height\":630,\"caption\":\"Foto: Pax\"},{\"@type\":\"BreadcrumbList\",\"@id\":\"https:\/\/staging.forenteforlag.no\/pax\/podkast-med-arundhati-roy\/#breadcrumb\",\"itemListElement\":[{\"@type\":\"ListItem\",\"position\":1,\"name\":\"Hjem\",\"item\":\"https:\/\/staging.forenteforlag.no\/pax\/\"},{\"@type\":\"ListItem\",\"position\":2,\"name\":\"H\u00f8r podkast med Arundhati Roy\"}]},{\"@type\":\"WebSite\",\"@id\":\"https:\/\/staging.forenteforlag.no\/pax\/#website\",\"url\":\"https:\/\/staging.forenteforlag.no\/pax\/\",\"name\":\"Pax\",\"description\":\"\",\"potentialAction\":[{\"@type\":\"SearchAction\",\"target\":{\"@type\":\"EntryPoint\",\"urlTemplate\":\"https:\/\/staging.forenteforlag.no\/pax\/?s={search_term_string}\"},\"query-input\":{\"@type\":\"PropertyValueSpecification\",\"valueRequired\":true,\"valueName\":\"search_term_string\"}}],\"inLanguage\":\"nb-NO\"},{\"@type\":\"Person\",\"@id\":\"https:\/\/staging.forenteforlag.no\/pax\/#\/schema\/person\/09e9c0888f9253598c6ebd4c10d995d5\",\"name\":\"Pax\",\"url\":\"https:\/\/staging.forenteforlag.no\/pax\/author\/audhild\/\"}]}<\/script>\n<!-- \/ Yoast SEO plugin. -->","yoast_head_json":{"title":"H\u00f8r podkast med Arundhati Roy - Pax","robots":{"index":"noindex","follow":"follow","max-snippet":"max-snippet:-1","max-image-preview":"max-image-preview:large","max-video-preview":"max-video-preview:-1"},"og_locale":"nb_NO","og_type":"article","og_title":"H\u00f8r podkast med Arundhati Roy - Pax","og_description":"Den indiske stjerneforfatteren og aktivisten bes\u00f8kte nylig Oslo. N\u00e5 kan du h\u00f8re hele samtalen i Litteraturhusets podkast.\u00a0 20. oktober fylte Arundhati Roy Universitetets aula til randen. Samtalen mellom henne og den svenske forfatteren Athena Farrokhzad beveget seg fra Roys mor \u2013 som hennes siste bok\u00a0Min storm og min havn\u00a0handler om \u2013 til oppveksten i Kerala [&hellip;]","og_url":"https:\/\/staging.forenteforlag.no\/pax\/podkast-med-arundhati-roy\/","og_site_name":"Pax","article_published_time":"2025-11-14T09:09:36+00:00","article_modified_time":"2025-11-14T09:20:21+00:00","og_image":[{"width":1200,"height":630,"url":"https:\/\/staging.forenteforlag.no\/pax\/wp-content\/uploads\/sites\/5\/2025\/11\/Design-uten-navn-42.png","type":"image\/png"}],"author":"Pax","twitter_card":"summary_large_image","twitter_misc":{"Skrevet av":"Pax","Ansl. lesetid":"1 minutt"},"schema":{"@context":"https:\/\/schema.org","@graph":[{"@type":"WebPage","@id":"https:\/\/staging.forenteforlag.no\/pax\/podkast-med-arundhati-roy\/","url":"https:\/\/staging.forenteforlag.no\/pax\/podkast-med-arundhati-roy\/","name":"H\u00f8r podkast med Arundhati Roy - Pax","isPartOf":{"@id":"https:\/\/staging.forenteforlag.no\/pax\/#website"},"primaryImageOfPage":{"@id":"https:\/\/staging.forenteforlag.no\/pax\/podkast-med-arundhati-roy\/#primaryimage"},"image":{"@id":"https:\/\/staging.forenteforlag.no\/pax\/podkast-med-arundhati-roy\/#primaryimage"},"thumbnailUrl":"https:\/\/staging.forenteforlag.no\/pax\/wp-content\/uploads\/sites\/5\/2025\/11\/Design-uten-navn-42.png","datePublished":"2025-11-14T09:09:36+00:00","dateModified":"2025-11-14T09:20:21+00:00","author":{"@id":"https:\/\/staging.forenteforlag.no\/pax\/#\/schema\/person\/09e9c0888f9253598c6ebd4c10d995d5"},"breadcrumb":{"@id":"https:\/\/staging.forenteforlag.no\/pax\/podkast-med-arundhati-roy\/#breadcrumb"},"inLanguage":"nb-NO","potentialAction":[{"@type":"ReadAction","target":["https:\/\/staging.forenteforlag.no\/pax\/podkast-med-arundhati-roy\/"]}]},{"@type":"ImageObject","inLanguage":"nb-NO","@id":"https:\/\/staging.forenteforlag.no\/pax\/podkast-med-arundhati-roy\/#primaryimage","url":"https:\/\/staging.forenteforlag.no\/pax\/wp-content\/uploads\/sites\/5\/2025\/11\/Design-uten-navn-42.png","contentUrl":"https:\/\/staging.forenteforlag.no\/pax\/wp-content\/uploads\/sites\/5\/2025\/11\/Design-uten-navn-42.png","width":1200,"height":630,"caption":"Foto: Pax"},{"@type":"BreadcrumbList","@id":"https:\/\/staging.forenteforlag.no\/pax\/podkast-med-arundhati-roy\/#breadcrumb","itemListElement":[{"@type":"ListItem","position":1,"name":"Hjem","item":"https:\/\/staging.forenteforlag.no\/pax\/"},{"@type":"ListItem","position":2,"name":"H\u00f8r podkast med Arundhati Roy"}]},{"@type":"WebSite","@id":"https:\/\/staging.forenteforlag.no\/pax\/#website","url":"https:\/\/staging.forenteforlag.no\/pax\/","name":"Pax","description":"","potentialAction":[{"@type":"SearchAction","target":{"@type":"EntryPoint","urlTemplate":"https:\/\/staging.forenteforlag.no\/pax\/?s={search_term_string}"},"query-input":{"@type":"PropertyValueSpecification","valueRequired":true,"valueName":"search_term_string"}}],"inLanguage":"nb-NO"},{"@type":"Person","@id":"https:\/\/staging.forenteforlag.no\/pax\/#\/schema\/person\/09e9c0888f9253598c6ebd4c10d995d5","name":"Pax","url":"https:\/\/staging.forenteforlag.no\/pax\/author\/audhild\/"}]}},"_links":{"self":[{"href":"https:\/\/staging.forenteforlag.no\/pax\/wp-json\/wp\/v2\/posts\/29717","targetHints":{"allow":["GET"]}}],"collection":[{"href":"https:\/\/staging.forenteforlag.no\/pax\/wp-json\/wp\/v2\/posts"}],"about":[{"href":"https:\/\/staging.forenteforlag.no\/pax\/wp-json\/wp\/v2\/types\/post"}],"author":[{"embeddable":true,"href":"https:\/\/staging.forenteforlag.no\/pax\/wp-json\/wp\/v2\/users\/12"}],"replies":[{"embeddable":true,"href":"https:\/\/staging.forenteforlag.no\/pax\/wp-json\/wp\/v2\/comments?post=29717"}],"version-history":[{"count":3,"href":"https:\/\/staging.forenteforlag.no\/pax\/wp-json\/wp\/v2\/posts\/29717\/revisions"}],"predecessor-version":[{"id":29727,"href":"https:\/\/staging.forenteforlag.no\/pax\/wp-json\/wp\/v2\/posts\/29717\/revisions\/29727"}],"wp:featuredmedia":[{"embeddable":true,"href":"https:\/\/staging.forenteforlag.no\/pax\/wp-json\/wp\/v2\/media\/29718"}],"wp:attachment":[{"href":"https:\/\/staging.forenteforlag.no\/pax\/wp-json\/wp\/v2\/media?parent=29717"}],"wp:term":[{"taxonomy":"category","embeddable":true,"href":"https:\/\/staging.forenteforlag.no\/pax\/wp-json\/wp\/v2\/categories?post=29717"},{"taxonomy":"post_tag","embeddable":true,"href":"https:\/\/staging.forenteforlag.no\/pax\/wp-json\/wp\/v2\/tags?post=29717"}],"curies":[{"name":"wp","href":"https:\/\/api.w.org\/{rel}","templated":true}]}}