{"id":25970,"date":"2025-11-05T14:30:07","date_gmt":"2025-11-05T13:30:07","guid":{"rendered":"https:\/\/forlagetpress.no\/?p=25970"},"modified":"2025-11-05T14:30:07","modified_gmt":"2025-11-05T13:30:07","slug":"frode-helland-er-nominert-til-brageprisen","status":"publish","type":"post","link":"https:\/\/staging.forenteforlag.no\/forlaget\/frode-helland-er-nominert-til-brageprisen\/","title":{"rendered":"Frode Helland er nominert til Brageprisen"},"content":{"rendered":"<p>Hurra! Frode Helland er nominert til Brageprisen i klassen sakprosa for voksne, for boka <a href=\"https:\/\/staging.forenteforlag.no\/produkt\/holocaust\/\"><em>Holocaust \u2013 En historie fortalt av ofrene.<\/em><\/a><\/p>\n<p>Juryens begrunnelse:<\/p>\n<div dir=\"auto\">\n<p>Plikten til \u00e5 beskrive det som skjer er \u201csom en ild fanget i knoklene mine\u201d skrev Chaim Kaplan i dagboken sin fra gettoen i Warszawa. I 1942 ble han drept i utryddelsesleiren Treblinka. Raselover, deportasjoner, gettoer, massegraver og d\u00f8dsleirer. Helland tar leserne helt n\u00e6r hendelsene og lar ofrene fortelle med egne ord hvordan enkeltmennesker opplevde liv og d\u00f8d under et totalit\u00e6rt regime. Tekstene er hentet fra hele det europeiske kontinentet, og bidrar til \u00e5 sette historien om det norske Holocaust inn i en st\u00f8rre felleseuropeisk sammenheng.<\/p>\n<p>Vi gratulerer!<\/p>\n<\/div>\n","protected":false},"excerpt":{"rendered":"<p>Hurra! Frode Helland er nominert til Brageprisen i klassen sakprosa for voksne, for boka Holocaust \u2013 En historie fortalt av ofrene. Juryens begrunnelse: Plikten til \u00e5 beskrive det som skjer er \u201csom en ild fanget i knoklene mine\u201d skrev Chaim Kaplan i dagboken sin fra gettoen i Warszawa. I 1942 ble han drept i utryddelsesleiren [&hellip;]<\/p>\n","protected":false},"author":87,"featured_media":25971,"comment_status":"closed","ping_status":"closed","sticky":false,"template":"","format":"standard","meta":{"_acf_changed":false,"inline_featured_image":false,"footnotes":""},"categories":[1],"tags":[],"class_list":["post-25970","post","type-post","status-publish","format-standard","has-post-thumbnail","hentry","category-uncategorized"],"acf":[],"yoast_head":"<!-- This site is optimized with the Yoast SEO plugin v26.6 - https:\/\/yoast.com\/wordpress\/plugins\/seo\/ -->\n<title>Frode Helland er nominert til Brageprisen - Forlaget Press<\/title>\n<meta name=\"description\" content=\"Frode Helland er nominert til Brageprisen i klassen sakprosa for voksne, for boka Holocaust \u2013 En historie fortalt av ofrene.\" \/>\n<meta name=\"robots\" content=\"noindex, follow, max-snippet:-1, max-image-preview:large, max-video-preview:-1\" \/>\n<meta property=\"og:locale\" content=\"nb_NO\" \/>\n<meta property=\"og:type\" content=\"article\" \/>\n<meta property=\"og:title\" content=\"Frode Helland er nominert til Brageprisen - Forlaget Press\" \/>\n<meta property=\"og:description\" content=\"Frode Helland er nominert til Brageprisen i klassen sakprosa for voksne, for boka Holocaust \u2013 En historie fortalt av ofrene.\" \/>\n<meta property=\"og:url\" content=\"https:\/\/staging.forenteforlag.no\/forlaget\/frode-helland-er-nominert-til-brageprisen\/\" \/>\n<meta property=\"og:site_name\" content=\"Forlaget Press\" \/>\n<meta property=\"article:publisher\" content=\"https:\/\/www.facebook.com\/Forlagetpress\" \/>\n<meta property=\"article:published_time\" content=\"2025-11-05T13:30:07+00:00\" \/>\n<meta property=\"og:image\" content=\"https:\/\/staging.forenteforlag.no\/forlaget\/wp-content\/uploads\/sites\/3\/2025\/11\/Brageprisen-header-frode-scaled.jpg\" \/>\n\t<meta property=\"og:image:width\" content=\"1920\" \/>\n\t<meta property=\"og:image:height\" content=\"732\" \/>\n\t<meta property=\"og:image:type\" content=\"image\/jpeg\" \/>\n<meta name=\"author\" content=\"kristin\" \/>\n<meta name=\"twitter:card\" content=\"summary_large_image\" \/>\n<meta name=\"twitter:label1\" content=\"Skrevet av\" \/>\n\t<meta name=\"twitter:data1\" content=\"kristin\" \/>\n\t<meta name=\"twitter:label2\" content=\"Ansl. lesetid\" \/>\n\t<meta name=\"twitter:data2\" content=\"1 minutt\" \/>\n<script type=\"application\/ld+json\" class=\"yoast-schema-graph\">{\"@context\":\"https:\/\/schema.org\",\"@graph\":[{\"@type\":\"Article\",\"@id\":\"https:\/\/staging.forenteforlag.no\/forlaget\/frode-helland-er-nominert-til-brageprisen\/#article\",\"isPartOf\":{\"@id\":\"https:\/\/staging.forenteforlag.no\/forlaget\/frode-helland-er-nominert-til-brageprisen\/\"},\"author\":{\"name\":\"kristin\",\"@id\":\"https:\/\/staging.forenteforlag.no\/forlaget\/#\/schema\/person\/85946f50d87e433af196c54b266ce8e4\"},\"headline\":\"Frode Helland er nominert til Brageprisen\",\"datePublished\":\"2025-11-05T13:30:07+00:00\",\"mainEntityOfPage\":{\"@id\":\"https:\/\/staging.forenteforlag.no\/forlaget\/frode-helland-er-nominert-til-brageprisen\/\"},\"wordCount\":118,\"publisher\":{\"@id\":\"https:\/\/staging.forenteforlag.no\/forlaget\/#organization\"},\"image\":{\"@id\":\"https:\/\/staging.forenteforlag.no\/forlaget\/frode-helland-er-nominert-til-brageprisen\/#primaryimage\"},\"thumbnailUrl\":\"https:\/\/staging.forenteforlag.no\/forlaget\/wp-content\/uploads\/sites\/3\/2025\/11\/Brageprisen-header-frode-scaled.jpg\",\"articleSection\":[\"Uncategorized\"],\"inLanguage\":\"nb-NO\"},{\"@type\":\"WebPage\",\"@id\":\"https:\/\/staging.forenteforlag.no\/forlaget\/frode-helland-er-nominert-til-brageprisen\/\",\"url\":\"https:\/\/staging.forenteforlag.no\/forlaget\/frode-helland-er-nominert-til-brageprisen\/\",\"name\":\"Frode Helland er nominert til Brageprisen - Forlaget Press\",\"isPartOf\":{\"@id\":\"https:\/\/staging.forenteforlag.no\/forlaget\/#website\"},\"primaryImageOfPage\":{\"@id\":\"https:\/\/staging.forenteforlag.no\/forlaget\/frode-helland-er-nominert-til-brageprisen\/#primaryimage\"},\"image\":{\"@id\":\"https:\/\/staging.forenteforlag.no\/forlaget\/frode-helland-er-nominert-til-brageprisen\/#primaryimage\"},\"thumbnailUrl\":\"https:\/\/staging.forenteforlag.no\/forlaget\/wp-content\/uploads\/sites\/3\/2025\/11\/Brageprisen-header-frode-scaled.jpg\",\"datePublished\":\"2025-11-05T13:30:07+00:00\",\"description\":\"Frode Helland er nominert til Brageprisen i klassen sakprosa for voksne, for boka Holocaust \u2013 En historie fortalt av ofrene.\",\"breadcrumb\":{\"@id\":\"https:\/\/staging.forenteforlag.no\/forlaget\/frode-helland-er-nominert-til-brageprisen\/#breadcrumb\"},\"inLanguage\":\"nb-NO\",\"potentialAction\":[{\"@type\":\"ReadAction\",\"target\":[\"https:\/\/staging.forenteforlag.no\/forlaget\/frode-helland-er-nominert-til-brageprisen\/\"]}]},{\"@type\":\"ImageObject\",\"inLanguage\":\"nb-NO\",\"@id\":\"https:\/\/staging.forenteforlag.no\/forlaget\/frode-helland-er-nominert-til-brageprisen\/#primaryimage\",\"url\":\"https:\/\/staging.forenteforlag.no\/forlaget\/wp-content\/uploads\/sites\/3\/2025\/11\/Brageprisen-header-frode-scaled.jpg\",\"contentUrl\":\"https:\/\/staging.forenteforlag.no\/forlaget\/wp-content\/uploads\/sites\/3\/2025\/11\/Brageprisen-header-frode-scaled.jpg\",\"width\":1920,\"height\":732},{\"@type\":\"BreadcrumbList\",\"@id\":\"https:\/\/staging.forenteforlag.no\/forlaget\/frode-helland-er-nominert-til-brageprisen\/#breadcrumb\",\"itemListElement\":[{\"@type\":\"ListItem\",\"position\":1,\"name\":\"Hjem\",\"item\":\"https:\/\/staging.forenteforlag.no\/forlaget\/\"},{\"@type\":\"ListItem\",\"position\":2,\"name\":\"Frode Helland er nominert til Brageprisen\"}]},{\"@type\":\"WebSite\",\"@id\":\"https:\/\/staging.forenteforlag.no\/forlaget\/#website\",\"url\":\"https:\/\/staging.forenteforlag.no\/forlaget\/\",\"name\":\"Forlaget Press\",\"description\":\"\",\"publisher\":{\"@id\":\"https:\/\/staging.forenteforlag.no\/forlaget\/#organization\"},\"potentialAction\":[{\"@type\":\"SearchAction\",\"target\":{\"@type\":\"EntryPoint\",\"urlTemplate\":\"https:\/\/staging.forenteforlag.no\/forlaget\/?s={search_term_string}\"},\"query-input\":{\"@type\":\"PropertyValueSpecification\",\"valueRequired\":true,\"valueName\":\"search_term_string\"}}],\"inLanguage\":\"nb-NO\"},{\"@type\":\"Organization\",\"@id\":\"https:\/\/staging.forenteforlag.no\/forlaget\/#organization\",\"name\":\"Forlaget Press\",\"url\":\"https:\/\/staging.forenteforlag.no\/forlaget\/\",\"logo\":{\"@type\":\"ImageObject\",\"inLanguage\":\"nb-NO\",\"@id\":\"https:\/\/staging.forenteforlag.no\/forlaget\/#\/schema\/logo\/image\/\",\"url\":\"https:\/\/staging.forenteforlag.no\/forlaget\/wp-content\/uploads\/sites\/3\/2024\/09\/Press_logo.svg\",\"contentUrl\":\"https:\/\/staging.forenteforlag.no\/forlaget\/wp-content\/uploads\/sites\/3\/2024\/09\/Press_logo.svg\",\"width\":100,\"height\":100,\"caption\":\"Forlaget Press\"},\"image\":{\"@id\":\"https:\/\/staging.forenteforlag.no\/forlaget\/#\/schema\/logo\/image\/\"},\"sameAs\":[\"https:\/\/www.facebook.com\/Forlagetpress\"]},{\"@type\":\"Person\",\"@id\":\"https:\/\/staging.forenteforlag.no\/forlaget\/#\/schema\/person\/85946f50d87e433af196c54b266ce8e4\",\"name\":\"kristin\",\"image\":{\"@type\":\"ImageObject\",\"inLanguage\":\"nb-NO\",\"@id\":\"https:\/\/staging.forenteforlag.no\/forlaget\/#\/schema\/person\/image\/\",\"url\":\"https:\/\/staging.forenteforlag.no\/forlaget\/wp-content\/litespeed\/avatar\/3\/80b22538c88c1d994b2dd4d032766b77.jpg?ver=1777369739\",\"contentUrl\":\"https:\/\/staging.forenteforlag.no\/forlaget\/wp-content\/litespeed\/avatar\/3\/80b22538c88c1d994b2dd4d032766b77.jpg?ver=1777369739\",\"caption\":\"kristin\"},\"url\":\"https:\/\/staging.forenteforlag.no\/forlaget\/author\/kristin\/\"}]}<\/script>\n<!-- \/ Yoast SEO plugin. -->","yoast_head_json":{"title":"Frode Helland er nominert til Brageprisen - Forlaget Press","description":"Frode Helland er nominert til Brageprisen i klassen sakprosa for voksne, for boka Holocaust \u2013 En historie fortalt av ofrene.","robots":{"index":"noindex","follow":"follow","max-snippet":"max-snippet:-1","max-image-preview":"max-image-preview:large","max-video-preview":"max-video-preview:-1"},"og_locale":"nb_NO","og_type":"article","og_title":"Frode Helland er nominert til Brageprisen - Forlaget Press","og_description":"Frode Helland er nominert til Brageprisen i klassen sakprosa for voksne, for boka Holocaust \u2013 En historie fortalt av ofrene.","og_url":"https:\/\/staging.forenteforlag.no\/forlaget\/frode-helland-er-nominert-til-brageprisen\/","og_site_name":"Forlaget Press","article_publisher":"https:\/\/www.facebook.com\/Forlagetpress","article_published_time":"2025-11-05T13:30:07+00:00","og_image":[{"width":1920,"height":732,"url":"https:\/\/staging.forenteforlag.no\/forlaget\/wp-content\/uploads\/sites\/3\/2025\/11\/Brageprisen-header-frode-scaled.jpg","type":"image\/jpeg"}],"author":"kristin","twitter_card":"summary_large_image","twitter_misc":{"Skrevet av":"kristin","Ansl. lesetid":"1 minutt"},"schema":{"@context":"https:\/\/schema.org","@graph":[{"@type":"Article","@id":"https:\/\/staging.forenteforlag.no\/forlaget\/frode-helland-er-nominert-til-brageprisen\/#article","isPartOf":{"@id":"https:\/\/staging.forenteforlag.no\/forlaget\/frode-helland-er-nominert-til-brageprisen\/"},"author":{"name":"kristin","@id":"https:\/\/staging.forenteforlag.no\/forlaget\/#\/schema\/person\/85946f50d87e433af196c54b266ce8e4"},"headline":"Frode Helland er nominert til Brageprisen","datePublished":"2025-11-05T13:30:07+00:00","mainEntityOfPage":{"@id":"https:\/\/staging.forenteforlag.no\/forlaget\/frode-helland-er-nominert-til-brageprisen\/"},"wordCount":118,"publisher":{"@id":"https:\/\/staging.forenteforlag.no\/forlaget\/#organization"},"image":{"@id":"https:\/\/staging.forenteforlag.no\/forlaget\/frode-helland-er-nominert-til-brageprisen\/#primaryimage"},"thumbnailUrl":"https:\/\/staging.forenteforlag.no\/forlaget\/wp-content\/uploads\/sites\/3\/2025\/11\/Brageprisen-header-frode-scaled.jpg","articleSection":["Uncategorized"],"inLanguage":"nb-NO"},{"@type":"WebPage","@id":"https:\/\/staging.forenteforlag.no\/forlaget\/frode-helland-er-nominert-til-brageprisen\/","url":"https:\/\/staging.forenteforlag.no\/forlaget\/frode-helland-er-nominert-til-brageprisen\/","name":"Frode Helland er nominert til Brageprisen - Forlaget Press","isPartOf":{"@id":"https:\/\/staging.forenteforlag.no\/forlaget\/#website"},"primaryImageOfPage":{"@id":"https:\/\/staging.forenteforlag.no\/forlaget\/frode-helland-er-nominert-til-brageprisen\/#primaryimage"},"image":{"@id":"https:\/\/staging.forenteforlag.no\/forlaget\/frode-helland-er-nominert-til-brageprisen\/#primaryimage"},"thumbnailUrl":"https:\/\/staging.forenteforlag.no\/forlaget\/wp-content\/uploads\/sites\/3\/2025\/11\/Brageprisen-header-frode-scaled.jpg","datePublished":"2025-11-05T13:30:07+00:00","description":"Frode Helland er nominert til Brageprisen i klassen sakprosa for voksne, for boka Holocaust \u2013 En historie fortalt av ofrene.","breadcrumb":{"@id":"https:\/\/staging.forenteforlag.no\/forlaget\/frode-helland-er-nominert-til-brageprisen\/#breadcrumb"},"inLanguage":"nb-NO","potentialAction":[{"@type":"ReadAction","target":["https:\/\/staging.forenteforlag.no\/forlaget\/frode-helland-er-nominert-til-brageprisen\/"]}]},{"@type":"ImageObject","inLanguage":"nb-NO","@id":"https:\/\/staging.forenteforlag.no\/forlaget\/frode-helland-er-nominert-til-brageprisen\/#primaryimage","url":"https:\/\/staging.forenteforlag.no\/forlaget\/wp-content\/uploads\/sites\/3\/2025\/11\/Brageprisen-header-frode-scaled.jpg","contentUrl":"https:\/\/staging.forenteforlag.no\/forlaget\/wp-content\/uploads\/sites\/3\/2025\/11\/Brageprisen-header-frode-scaled.jpg","width":1920,"height":732},{"@type":"BreadcrumbList","@id":"https:\/\/staging.forenteforlag.no\/forlaget\/frode-helland-er-nominert-til-brageprisen\/#breadcrumb","itemListElement":[{"@type":"ListItem","position":1,"name":"Hjem","item":"https:\/\/staging.forenteforlag.no\/forlaget\/"},{"@type":"ListItem","position":2,"name":"Frode Helland er nominert til Brageprisen"}]},{"@type":"WebSite","@id":"https:\/\/staging.forenteforlag.no\/forlaget\/#website","url":"https:\/\/staging.forenteforlag.no\/forlaget\/","name":"Forlaget Press","description":"","publisher":{"@id":"https:\/\/staging.forenteforlag.no\/forlaget\/#organization"},"potentialAction":[{"@type":"SearchAction","target":{"@type":"EntryPoint","urlTemplate":"https:\/\/staging.forenteforlag.no\/forlaget\/?s={search_term_string}"},"query-input":{"@type":"PropertyValueSpecification","valueRequired":true,"valueName":"search_term_string"}}],"inLanguage":"nb-NO"},{"@type":"Organization","@id":"https:\/\/staging.forenteforlag.no\/forlaget\/#organization","name":"Forlaget Press","url":"https:\/\/staging.forenteforlag.no\/forlaget\/","logo":{"@type":"ImageObject","inLanguage":"nb-NO","@id":"https:\/\/staging.forenteforlag.no\/forlaget\/#\/schema\/logo\/image\/","url":"https:\/\/staging.forenteforlag.no\/forlaget\/wp-content\/uploads\/sites\/3\/2024\/09\/Press_logo.svg","contentUrl":"https:\/\/staging.forenteforlag.no\/forlaget\/wp-content\/uploads\/sites\/3\/2024\/09\/Press_logo.svg","width":100,"height":100,"caption":"Forlaget Press"},"image":{"@id":"https:\/\/staging.forenteforlag.no\/forlaget\/#\/schema\/logo\/image\/"},"sameAs":["https:\/\/www.facebook.com\/Forlagetpress"]},{"@type":"Person","@id":"https:\/\/staging.forenteforlag.no\/forlaget\/#\/schema\/person\/85946f50d87e433af196c54b266ce8e4","name":"kristin","image":{"@type":"ImageObject","inLanguage":"nb-NO","@id":"https:\/\/staging.forenteforlag.no\/forlaget\/#\/schema\/person\/image\/","url":"https:\/\/staging.forenteforlag.no\/forlaget\/wp-content\/litespeed\/avatar\/3\/80b22538c88c1d994b2dd4d032766b77.jpg?ver=1777369739","contentUrl":"https:\/\/staging.forenteforlag.no\/forlaget\/wp-content\/litespeed\/avatar\/3\/80b22538c88c1d994b2dd4d032766b77.jpg?ver=1777369739","caption":"kristin"},"url":"https:\/\/staging.forenteforlag.no\/forlaget\/author\/kristin\/"}]}},"_links":{"self":[{"href":"https:\/\/staging.forenteforlag.no\/forlaget\/wp-json\/wp\/v2\/posts\/25970","targetHints":{"allow":["GET"]}}],"collection":[{"href":"https:\/\/staging.forenteforlag.no\/forlaget\/wp-json\/wp\/v2\/posts"}],"about":[{"href":"https:\/\/staging.forenteforlag.no\/forlaget\/wp-json\/wp\/v2\/types\/post"}],"author":[{"embeddable":true,"href":"https:\/\/staging.forenteforlag.no\/forlaget\/wp-json\/wp\/v2\/users\/87"}],"replies":[{"embeddable":true,"href":"https:\/\/staging.forenteforlag.no\/forlaget\/wp-json\/wp\/v2\/comments?post=25970"}],"version-history":[{"count":1,"href":"https:\/\/staging.forenteforlag.no\/forlaget\/wp-json\/wp\/v2\/posts\/25970\/revisions"}],"predecessor-version":[{"id":25972,"href":"https:\/\/staging.forenteforlag.no\/forlaget\/wp-json\/wp\/v2\/posts\/25970\/revisions\/25972"}],"wp:featuredmedia":[{"embeddable":true,"href":"https:\/\/staging.forenteforlag.no\/forlaget\/wp-json\/wp\/v2\/media\/25971"}],"wp:attachment":[{"href":"https:\/\/staging.forenteforlag.no\/forlaget\/wp-json\/wp\/v2\/media?parent=25970"}],"wp:term":[{"taxonomy":"category","embeddable":true,"href":"https:\/\/staging.forenteforlag.no\/forlaget\/wp-json\/wp\/v2\/categories?post=25970"},{"taxonomy":"post_tag","embeddable":true,"href":"https:\/\/staging.forenteforlag.no\/forlaget\/wp-json\/wp\/v2\/tags?post=25970"}],"curies":[{"name":"wp","href":"https:\/\/api.w.org\/{rel}","templated":true}]}}