{"id":23283,"date":"2025-04-10T10:18:03","date_gmt":"2025-04-10T08:18:03","guid":{"rendered":"https:\/\/forlagetpress.no\/?p=23283"},"modified":"2025-10-02T12:22:58","modified_gmt":"2025-10-02T10:22:58","slug":"forlaget-press-med-to-nominerte-pa-kortlisten-til-den-internasjonale-booker-prisen","status":"publish","type":"post","link":"https:\/\/staging.forenteforlag.no\/forlaget\/forlaget-press-med-to-nominerte-pa-kortlisten-til-den-internasjonale-booker-prisen\/","title":{"rendered":"To nominerte til Booker-prisen"},"content":{"rendered":"<p><strong>Kortlisten til den prestisjefylte internasjonale Booker-prisen ble offentliggjort i g\u00e5r. To av b\u00f8kene p\u00e5 listen er allerede tilgjengelig p\u00e5 norsk: Hiromi Kawakamis <em>S\u00e5 den store fuglen ikke tar deg<\/em>, oversatt av Magne T\u00f8rring, og Solvej Balles <em>Om utregning av romfang I<\/em>, oversatt av Trude Marstein. Begge er utgitt av Forlaget Press.<\/strong><\/p>\n<p>Den internasjonale Booker-prisen er den aller viktigste prisen for internasjonal skj\u00f8nnlitteratur oversatt til engelsk.\u00a0Prisen er p\u00e5 50.000 pund og deles mellom forfatter og oversetter.\u00a0\u00a0&#8211; Booker-prisen er viktig og spesiell fordi den ikke bare anerkjenner det litter\u00e6re verket, men ogs\u00e5 oversettelsen. I en tid der b\u00e5de kvalitetslitteraturen og oversattforleggeriet er under press, er vi i Forlaget Press ekstra stolte av \u00e5 ha to titler p\u00e5 den prestisjefylte kortlisten, sier forlegger Thomas Mala.<\/p>\n<p>Solvej Balle vant Nordisk R\u00e5ds pris for de tre f\u00f8rste b\u00f8kene i syvbindserien <em>Om utregning av romfang<\/em>. N\u00e5 som b\u00f8kene kommer p\u00e5 engelsk, st\u00e5r hun overfor sitt store internasjonale gjennombrudd. \u00abHvis Samuel Beckett hadde skrevet <em>Groundhog Day<\/em>, s\u00e5 ville det v\u00e6re som \u00e5 lese <em>Om utregning av omfang<\/em>.\u00bb Washington Post<\/p>\n<p>Hiromi Kawakami er en av Japans viktigste n\u00e5levende forfattere, og regnes sammen med <a href=\"https:\/\/snl.no\/Haruki_Murakami\">Haruki Murakami<\/a> som en av de viktigste eksponentene for japansk <a href=\"https:\/\/snl.no\/magisk_realisme_-_litteratur\">magisk realisme<\/a>. <em>S\u00e5 den store fuglen ikke tar deg<\/em> viser imidlertid en annen side av Kawakami enn hennes tidligere utgivelser p\u00e5 norsk \u2013 den er en poetisk og s\u00e6regen framtidsmeditasjon om menneskehetens langsomme undergang. \u00abFortellingen hun skaper, er intet mindre enn fantastisk, i enhver forstand av ordet,\u00bb skrev Ane Farseth\u00e5s i Morgenbladet om den norske oversettelsen.<\/p>\n<p>&#8211; Vi deler gjerne \u00e6ren med oversetterne v\u00e5re, tilf\u00f8yer Thomas Mala. &#8211; Trude Marstein har gjort en fantastisk jobb med oversettelsen av hele Balle-serien s\u00e5 langt. Og Magne T\u00f8rring var faktisk den som opprinnelig overtalte oss til \u00e5 velge <em>S\u00e5 den store fuglen ikke tar deg<\/em> blant Kawakamis mange b\u00f8ker, s\u00e5 han fortjener en ekstra fj\u00e6r i hatten for det.<\/p>\n<p><img fetchpriority=\"high\" decoding=\"async\" class=\"alignleft size-medium wp-image-22320\" src=\"https:\/\/staging.forenteforlag.no\/forlaget\/wp-content\/uploads\/sites\/3\/2025\/01\/jpg-5408-scaled-1-202x300.jpg\" alt=\"\" width=\"202\" height=\"300\" srcset=\"https:\/\/staging.forenteforlag.no\/forlaget\/wp-content\/uploads\/sites\/3\/2025\/01\/jpg-5408-scaled-1-202x300.jpg 202w, https:\/\/staging.forenteforlag.no\/forlaget\/wp-content\/uploads\/sites\/3\/2025\/01\/jpg-5408-scaled-1-689x1024.jpg 689w, https:\/\/staging.forenteforlag.no\/forlaget\/wp-content\/uploads\/sites\/3\/2025\/01\/jpg-5408-scaled-1-768x1142.jpg 768w, https:\/\/staging.forenteforlag.no\/forlaget\/wp-content\/uploads\/sites\/3\/2025\/01\/jpg-5408-scaled-1-300x446.jpg 300w, https:\/\/staging.forenteforlag.no\/forlaget\/wp-content\/uploads\/sites\/3\/2025\/01\/jpg-5408-scaled-1-600x892.jpg 600w, https:\/\/staging.forenteforlag.no\/forlaget\/wp-content\/uploads\/sites\/3\/2025\/01\/jpg-5408-scaled-1.jpg 861w\" sizes=\"(max-width: 202px) 100vw, 202px\" \/><img decoding=\"async\" class=\"alignleft size-medium wp-image-22282 lazyload\" data-src=\"https:\/\/staging.forenteforlag.no\/forlaget\/wp-content\/uploads\/sites\/3\/2025\/01\/jpg-5356-scaled-1-203x300.jpg\" alt=\"\" width=\"203\" height=\"300\" data-srcset=\"https:\/\/staging.forenteforlag.no\/forlaget\/wp-content\/uploads\/sites\/3\/2025\/01\/jpg-5356-scaled-1-203x300.jpg 203w, https:\/\/staging.forenteforlag.no\/forlaget\/wp-content\/uploads\/sites\/3\/2025\/01\/jpg-5356-scaled-1-694x1024.jpg 694w, https:\/\/staging.forenteforlag.no\/forlaget\/wp-content\/uploads\/sites\/3\/2025\/01\/jpg-5356-scaled-1-768x1134.jpg 768w, https:\/\/staging.forenteforlag.no\/forlaget\/wp-content\/uploads\/sites\/3\/2025\/01\/jpg-5356-scaled-1-300x443.jpg 300w, https:\/\/staging.forenteforlag.no\/forlaget\/wp-content\/uploads\/sites\/3\/2025\/01\/jpg-5356-scaled-1-600x886.jpg 600w, https:\/\/staging.forenteforlag.no\/forlaget\/wp-content\/uploads\/sites\/3\/2025\/01\/jpg-5356-scaled-1.jpg 867w\" data-sizes=\"(max-width: 203px) 100vw, 203px\" src=\"data:image\/svg+xml;base64,PHN2ZyB3aWR0aD0iMSIgaGVpZ2h0PSIxIiB4bWxucz0iaHR0cDovL3d3dy53My5vcmcvMjAwMC9zdmciPjwvc3ZnPg==\" style=\"--smush-placeholder-width: 203px; --smush-placeholder-aspect-ratio: 203\/300;\" \/><\/p>\n<p>Prisen deles ut 20. mai. De andre nominerte er <em>A Leopard-Skin Hat<\/em> av Anne Serre, <em>Heart Lamp<\/em> av Banu Mushtag, <em>Perfection<\/em> av Vincenzo Latronico og <em>Small Boat<\/em> av Vincent Delecroix.<\/p>\n","protected":false},"excerpt":{"rendered":"<p>Kortlisten til den prestisjefylte internasjonale Booker-prisen ble offentliggjort i g\u00e5r. To av b\u00f8kene p\u00e5 listen er allerede tilgjengelig p\u00e5 norsk: Hiromi Kawakamis S\u00e5 den store fuglen ikke tar deg, oversatt av Magne T\u00f8rring, og Solvej Balles Om utregning av romfang I, oversatt av Trude Marstein. Begge er utgitt av Forlaget Press. Den internasjonale Booker-prisen er [&hellip;]<\/p>\n","protected":false},"author":18,"featured_media":25616,"comment_status":"closed","ping_status":"closed","sticky":false,"template":"","format":"standard","meta":{"_acf_changed":false,"inline_featured_image":false,"footnotes":""},"categories":[1],"tags":[],"class_list":["post-23283","post","type-post","status-publish","format-standard","has-post-thumbnail","hentry","category-uncategorized"],"acf":[],"yoast_head":"<!-- This site is optimized with the Yoast SEO plugin v26.6 - https:\/\/yoast.com\/wordpress\/plugins\/seo\/ -->\n<title>To nominerte til Booker-prisen - Forlaget Press<\/title>\n<meta name=\"robots\" content=\"noindex, follow, max-snippet:-1, max-image-preview:large, max-video-preview:-1\" \/>\n<meta property=\"og:locale\" content=\"nb_NO\" \/>\n<meta property=\"og:type\" content=\"article\" \/>\n<meta property=\"og:title\" content=\"To nominerte til Booker-prisen - Forlaget Press\" \/>\n<meta property=\"og:description\" content=\"Kortlisten til den prestisjefylte internasjonale Booker-prisen ble offentliggjort i g\u00e5r. To av b\u00f8kene p\u00e5 listen er allerede tilgjengelig p\u00e5 norsk: Hiromi Kawakamis S\u00e5 den store fuglen ikke tar deg, oversatt av Magne T\u00f8rring, og Solvej Balles Om utregning av romfang I, oversatt av Trude Marstein. Begge er utgitt av Forlaget Press. Den internasjonale Booker-prisen er [&hellip;]\" \/>\n<meta property=\"og:url\" content=\"https:\/\/staging.forenteforlag.no\/forlaget\/forlaget-press-med-to-nominerte-pa-kortlisten-til-den-internasjonale-booker-prisen\/\" \/>\n<meta property=\"og:site_name\" content=\"Forlaget Press\" \/>\n<meta property=\"article:publisher\" content=\"https:\/\/www.facebook.com\/Forlagetpress\" \/>\n<meta property=\"article:published_time\" content=\"2025-04-10T08:18:03+00:00\" \/>\n<meta property=\"article:modified_time\" content=\"2025-10-02T10:22:58+00:00\" \/>\n<meta property=\"og:image\" content=\"https:\/\/staging.forenteforlag.no\/forlaget\/wp-content\/uploads\/sites\/3\/2025\/08\/jpg-9817-scaled.jpg\" \/>\n\t<meta property=\"og:image:width\" content=\"1295\" \/>\n\t<meta property=\"og:image:height\" content=\"1920\" \/>\n\t<meta property=\"og:image:type\" content=\"image\/jpeg\" \/>\n<meta name=\"author\" content=\"Forlaget Press\" \/>\n<meta name=\"twitter:card\" content=\"summary_large_image\" \/>\n<meta name=\"twitter:label1\" content=\"Skrevet av\" \/>\n\t<meta name=\"twitter:data1\" content=\"Forlaget Press\" \/>\n\t<meta name=\"twitter:label2\" content=\"Ansl. lesetid\" \/>\n\t<meta name=\"twitter:data2\" content=\"3 minutter\" \/>\n<script type=\"application\/ld+json\" class=\"yoast-schema-graph\">{\"@context\":\"https:\/\/schema.org\",\"@graph\":[{\"@type\":\"Article\",\"@id\":\"https:\/\/staging.forenteforlag.no\/forlaget\/forlaget-press-med-to-nominerte-pa-kortlisten-til-den-internasjonale-booker-prisen\/#article\",\"isPartOf\":{\"@id\":\"https:\/\/staging.forenteforlag.no\/forlaget\/forlaget-press-med-to-nominerte-pa-kortlisten-til-den-internasjonale-booker-prisen\/\"},\"author\":{\"name\":\"Forlaget Press\",\"@id\":\"https:\/\/staging.forenteforlag.no\/forlaget\/#\/schema\/person\/6c87a07c2b631a80b95a6caae0c5dda9\"},\"headline\":\"To nominerte til Booker-prisen\",\"datePublished\":\"2025-04-10T08:18:03+00:00\",\"dateModified\":\"2025-10-02T10:22:58+00:00\",\"mainEntityOfPage\":{\"@id\":\"https:\/\/staging.forenteforlag.no\/forlaget\/forlaget-press-med-to-nominerte-pa-kortlisten-til-den-internasjonale-booker-prisen\/\"},\"wordCount\":361,\"publisher\":{\"@id\":\"https:\/\/staging.forenteforlag.no\/forlaget\/#organization\"},\"image\":{\"@id\":\"https:\/\/staging.forenteforlag.no\/forlaget\/forlaget-press-med-to-nominerte-pa-kortlisten-til-den-internasjonale-booker-prisen\/#primaryimage\"},\"thumbnailUrl\":\"https:\/\/staging.forenteforlag.no\/forlaget\/wp-content\/uploads\/sites\/3\/2025\/08\/jpg-9817-scaled.jpg\",\"articleSection\":[\"Uncategorized\"],\"inLanguage\":\"nb-NO\"},{\"@type\":\"WebPage\",\"@id\":\"https:\/\/staging.forenteforlag.no\/forlaget\/forlaget-press-med-to-nominerte-pa-kortlisten-til-den-internasjonale-booker-prisen\/\",\"url\":\"https:\/\/staging.forenteforlag.no\/forlaget\/forlaget-press-med-to-nominerte-pa-kortlisten-til-den-internasjonale-booker-prisen\/\",\"name\":\"To nominerte til Booker-prisen - Forlaget Press\",\"isPartOf\":{\"@id\":\"https:\/\/staging.forenteforlag.no\/forlaget\/#website\"},\"primaryImageOfPage\":{\"@id\":\"https:\/\/staging.forenteforlag.no\/forlaget\/forlaget-press-med-to-nominerte-pa-kortlisten-til-den-internasjonale-booker-prisen\/#primaryimage\"},\"image\":{\"@id\":\"https:\/\/staging.forenteforlag.no\/forlaget\/forlaget-press-med-to-nominerte-pa-kortlisten-til-den-internasjonale-booker-prisen\/#primaryimage\"},\"thumbnailUrl\":\"https:\/\/staging.forenteforlag.no\/forlaget\/wp-content\/uploads\/sites\/3\/2025\/08\/jpg-9817-scaled.jpg\",\"datePublished\":\"2025-04-10T08:18:03+00:00\",\"dateModified\":\"2025-10-02T10:22:58+00:00\",\"breadcrumb\":{\"@id\":\"https:\/\/staging.forenteforlag.no\/forlaget\/forlaget-press-med-to-nominerte-pa-kortlisten-til-den-internasjonale-booker-prisen\/#breadcrumb\"},\"inLanguage\":\"nb-NO\",\"potentialAction\":[{\"@type\":\"ReadAction\",\"target\":[\"https:\/\/staging.forenteforlag.no\/forlaget\/forlaget-press-med-to-nominerte-pa-kortlisten-til-den-internasjonale-booker-prisen\/\"]}]},{\"@type\":\"ImageObject\",\"inLanguage\":\"nb-NO\",\"@id\":\"https:\/\/staging.forenteforlag.no\/forlaget\/forlaget-press-med-to-nominerte-pa-kortlisten-til-den-internasjonale-booker-prisen\/#primaryimage\",\"url\":\"https:\/\/staging.forenteforlag.no\/forlaget\/wp-content\/uploads\/sites\/3\/2025\/08\/jpg-9817-scaled.jpg\",\"contentUrl\":\"https:\/\/staging.forenteforlag.no\/forlaget\/wp-content\/uploads\/sites\/3\/2025\/08\/jpg-9817-scaled.jpg\",\"width\":1295,\"height\":1920},{\"@type\":\"BreadcrumbList\",\"@id\":\"https:\/\/staging.forenteforlag.no\/forlaget\/forlaget-press-med-to-nominerte-pa-kortlisten-til-den-internasjonale-booker-prisen\/#breadcrumb\",\"itemListElement\":[{\"@type\":\"ListItem\",\"position\":1,\"name\":\"Hjem\",\"item\":\"https:\/\/staging.forenteforlag.no\/forlaget\/\"},{\"@type\":\"ListItem\",\"position\":2,\"name\":\"To nominerte til Booker-prisen\"}]},{\"@type\":\"WebSite\",\"@id\":\"https:\/\/staging.forenteforlag.no\/forlaget\/#website\",\"url\":\"https:\/\/staging.forenteforlag.no\/forlaget\/\",\"name\":\"Forlaget Press\",\"description\":\"\",\"publisher\":{\"@id\":\"https:\/\/staging.forenteforlag.no\/forlaget\/#organization\"},\"potentialAction\":[{\"@type\":\"SearchAction\",\"target\":{\"@type\":\"EntryPoint\",\"urlTemplate\":\"https:\/\/staging.forenteforlag.no\/forlaget\/?s={search_term_string}\"},\"query-input\":{\"@type\":\"PropertyValueSpecification\",\"valueRequired\":true,\"valueName\":\"search_term_string\"}}],\"inLanguage\":\"nb-NO\"},{\"@type\":\"Organization\",\"@id\":\"https:\/\/staging.forenteforlag.no\/forlaget\/#organization\",\"name\":\"Forlaget Press\",\"url\":\"https:\/\/staging.forenteforlag.no\/forlaget\/\",\"logo\":{\"@type\":\"ImageObject\",\"inLanguage\":\"nb-NO\",\"@id\":\"https:\/\/staging.forenteforlag.no\/forlaget\/#\/schema\/logo\/image\/\",\"url\":\"https:\/\/staging.forenteforlag.no\/forlaget\/wp-content\/uploads\/sites\/3\/2024\/09\/Press_logo.svg\",\"contentUrl\":\"https:\/\/staging.forenteforlag.no\/forlaget\/wp-content\/uploads\/sites\/3\/2024\/09\/Press_logo.svg\",\"width\":100,\"height\":100,\"caption\":\"Forlaget Press\"},\"image\":{\"@id\":\"https:\/\/staging.forenteforlag.no\/forlaget\/#\/schema\/logo\/image\/\"},\"sameAs\":[\"https:\/\/www.facebook.com\/Forlagetpress\"]},{\"@type\":\"Person\",\"@id\":\"https:\/\/staging.forenteforlag.no\/forlaget\/#\/schema\/person\/6c87a07c2b631a80b95a6caae0c5dda9\",\"name\":\"Forlaget Press\",\"image\":{\"@type\":\"ImageObject\",\"inLanguage\":\"nb-NO\",\"@id\":\"https:\/\/staging.forenteforlag.no\/forlaget\/#\/schema\/person\/image\/\",\"url\":\"https:\/\/staging.forenteforlag.no\/forlaget\/wp-content\/litespeed\/avatar\/3\/4de108ba77fe62b0b3c0755ac3fa1c49.jpg?ver=1777227782\",\"contentUrl\":\"https:\/\/staging.forenteforlag.no\/forlaget\/wp-content\/litespeed\/avatar\/3\/4de108ba77fe62b0b3c0755ac3fa1c49.jpg?ver=1777227782\",\"caption\":\"Forlaget Press\"},\"url\":\"https:\/\/staging.forenteforlag.no\/forlaget\/author\/thomas\/\"}]}<\/script>\n<!-- \/ Yoast SEO plugin. -->","yoast_head_json":{"title":"To nominerte til Booker-prisen - Forlaget Press","robots":{"index":"noindex","follow":"follow","max-snippet":"max-snippet:-1","max-image-preview":"max-image-preview:large","max-video-preview":"max-video-preview:-1"},"og_locale":"nb_NO","og_type":"article","og_title":"To nominerte til Booker-prisen - Forlaget Press","og_description":"Kortlisten til den prestisjefylte internasjonale Booker-prisen ble offentliggjort i g\u00e5r. To av b\u00f8kene p\u00e5 listen er allerede tilgjengelig p\u00e5 norsk: Hiromi Kawakamis S\u00e5 den store fuglen ikke tar deg, oversatt av Magne T\u00f8rring, og Solvej Balles Om utregning av romfang I, oversatt av Trude Marstein. Begge er utgitt av Forlaget Press. Den internasjonale Booker-prisen er [&hellip;]","og_url":"https:\/\/staging.forenteforlag.no\/forlaget\/forlaget-press-med-to-nominerte-pa-kortlisten-til-den-internasjonale-booker-prisen\/","og_site_name":"Forlaget Press","article_publisher":"https:\/\/www.facebook.com\/Forlagetpress","article_published_time":"2025-04-10T08:18:03+00:00","article_modified_time":"2025-10-02T10:22:58+00:00","og_image":[{"width":1295,"height":1920,"url":"https:\/\/staging.forenteforlag.no\/forlaget\/wp-content\/uploads\/sites\/3\/2025\/08\/jpg-9817-scaled.jpg","type":"image\/jpeg"}],"author":"Forlaget Press","twitter_card":"summary_large_image","twitter_misc":{"Skrevet av":"Forlaget Press","Ansl. lesetid":"3 minutter"},"schema":{"@context":"https:\/\/schema.org","@graph":[{"@type":"Article","@id":"https:\/\/staging.forenteforlag.no\/forlaget\/forlaget-press-med-to-nominerte-pa-kortlisten-til-den-internasjonale-booker-prisen\/#article","isPartOf":{"@id":"https:\/\/staging.forenteforlag.no\/forlaget\/forlaget-press-med-to-nominerte-pa-kortlisten-til-den-internasjonale-booker-prisen\/"},"author":{"name":"Forlaget Press","@id":"https:\/\/staging.forenteforlag.no\/forlaget\/#\/schema\/person\/6c87a07c2b631a80b95a6caae0c5dda9"},"headline":"To nominerte til Booker-prisen","datePublished":"2025-04-10T08:18:03+00:00","dateModified":"2025-10-02T10:22:58+00:00","mainEntityOfPage":{"@id":"https:\/\/staging.forenteforlag.no\/forlaget\/forlaget-press-med-to-nominerte-pa-kortlisten-til-den-internasjonale-booker-prisen\/"},"wordCount":361,"publisher":{"@id":"https:\/\/staging.forenteforlag.no\/forlaget\/#organization"},"image":{"@id":"https:\/\/staging.forenteforlag.no\/forlaget\/forlaget-press-med-to-nominerte-pa-kortlisten-til-den-internasjonale-booker-prisen\/#primaryimage"},"thumbnailUrl":"https:\/\/staging.forenteforlag.no\/forlaget\/wp-content\/uploads\/sites\/3\/2025\/08\/jpg-9817-scaled.jpg","articleSection":["Uncategorized"],"inLanguage":"nb-NO"},{"@type":"WebPage","@id":"https:\/\/staging.forenteforlag.no\/forlaget\/forlaget-press-med-to-nominerte-pa-kortlisten-til-den-internasjonale-booker-prisen\/","url":"https:\/\/staging.forenteforlag.no\/forlaget\/forlaget-press-med-to-nominerte-pa-kortlisten-til-den-internasjonale-booker-prisen\/","name":"To nominerte til Booker-prisen - Forlaget Press","isPartOf":{"@id":"https:\/\/staging.forenteforlag.no\/forlaget\/#website"},"primaryImageOfPage":{"@id":"https:\/\/staging.forenteforlag.no\/forlaget\/forlaget-press-med-to-nominerte-pa-kortlisten-til-den-internasjonale-booker-prisen\/#primaryimage"},"image":{"@id":"https:\/\/staging.forenteforlag.no\/forlaget\/forlaget-press-med-to-nominerte-pa-kortlisten-til-den-internasjonale-booker-prisen\/#primaryimage"},"thumbnailUrl":"https:\/\/staging.forenteforlag.no\/forlaget\/wp-content\/uploads\/sites\/3\/2025\/08\/jpg-9817-scaled.jpg","datePublished":"2025-04-10T08:18:03+00:00","dateModified":"2025-10-02T10:22:58+00:00","breadcrumb":{"@id":"https:\/\/staging.forenteforlag.no\/forlaget\/forlaget-press-med-to-nominerte-pa-kortlisten-til-den-internasjonale-booker-prisen\/#breadcrumb"},"inLanguage":"nb-NO","potentialAction":[{"@type":"ReadAction","target":["https:\/\/staging.forenteforlag.no\/forlaget\/forlaget-press-med-to-nominerte-pa-kortlisten-til-den-internasjonale-booker-prisen\/"]}]},{"@type":"ImageObject","inLanguage":"nb-NO","@id":"https:\/\/staging.forenteforlag.no\/forlaget\/forlaget-press-med-to-nominerte-pa-kortlisten-til-den-internasjonale-booker-prisen\/#primaryimage","url":"https:\/\/staging.forenteforlag.no\/forlaget\/wp-content\/uploads\/sites\/3\/2025\/08\/jpg-9817-scaled.jpg","contentUrl":"https:\/\/staging.forenteforlag.no\/forlaget\/wp-content\/uploads\/sites\/3\/2025\/08\/jpg-9817-scaled.jpg","width":1295,"height":1920},{"@type":"BreadcrumbList","@id":"https:\/\/staging.forenteforlag.no\/forlaget\/forlaget-press-med-to-nominerte-pa-kortlisten-til-den-internasjonale-booker-prisen\/#breadcrumb","itemListElement":[{"@type":"ListItem","position":1,"name":"Hjem","item":"https:\/\/staging.forenteforlag.no\/forlaget\/"},{"@type":"ListItem","position":2,"name":"To nominerte til Booker-prisen"}]},{"@type":"WebSite","@id":"https:\/\/staging.forenteforlag.no\/forlaget\/#website","url":"https:\/\/staging.forenteforlag.no\/forlaget\/","name":"Forlaget Press","description":"","publisher":{"@id":"https:\/\/staging.forenteforlag.no\/forlaget\/#organization"},"potentialAction":[{"@type":"SearchAction","target":{"@type":"EntryPoint","urlTemplate":"https:\/\/staging.forenteforlag.no\/forlaget\/?s={search_term_string}"},"query-input":{"@type":"PropertyValueSpecification","valueRequired":true,"valueName":"search_term_string"}}],"inLanguage":"nb-NO"},{"@type":"Organization","@id":"https:\/\/staging.forenteforlag.no\/forlaget\/#organization","name":"Forlaget Press","url":"https:\/\/staging.forenteforlag.no\/forlaget\/","logo":{"@type":"ImageObject","inLanguage":"nb-NO","@id":"https:\/\/staging.forenteforlag.no\/forlaget\/#\/schema\/logo\/image\/","url":"https:\/\/staging.forenteforlag.no\/forlaget\/wp-content\/uploads\/sites\/3\/2024\/09\/Press_logo.svg","contentUrl":"https:\/\/staging.forenteforlag.no\/forlaget\/wp-content\/uploads\/sites\/3\/2024\/09\/Press_logo.svg","width":100,"height":100,"caption":"Forlaget Press"},"image":{"@id":"https:\/\/staging.forenteforlag.no\/forlaget\/#\/schema\/logo\/image\/"},"sameAs":["https:\/\/www.facebook.com\/Forlagetpress"]},{"@type":"Person","@id":"https:\/\/staging.forenteforlag.no\/forlaget\/#\/schema\/person\/6c87a07c2b631a80b95a6caae0c5dda9","name":"Forlaget Press","image":{"@type":"ImageObject","inLanguage":"nb-NO","@id":"https:\/\/staging.forenteforlag.no\/forlaget\/#\/schema\/person\/image\/","url":"https:\/\/staging.forenteforlag.no\/forlaget\/wp-content\/litespeed\/avatar\/3\/4de108ba77fe62b0b3c0755ac3fa1c49.jpg?ver=1777227782","contentUrl":"https:\/\/staging.forenteforlag.no\/forlaget\/wp-content\/litespeed\/avatar\/3\/4de108ba77fe62b0b3c0755ac3fa1c49.jpg?ver=1777227782","caption":"Forlaget Press"},"url":"https:\/\/staging.forenteforlag.no\/forlaget\/author\/thomas\/"}]}},"_links":{"self":[{"href":"https:\/\/staging.forenteforlag.no\/forlaget\/wp-json\/wp\/v2\/posts\/23283","targetHints":{"allow":["GET"]}}],"collection":[{"href":"https:\/\/staging.forenteforlag.no\/forlaget\/wp-json\/wp\/v2\/posts"}],"about":[{"href":"https:\/\/staging.forenteforlag.no\/forlaget\/wp-json\/wp\/v2\/types\/post"}],"author":[{"embeddable":true,"href":"https:\/\/staging.forenteforlag.no\/forlaget\/wp-json\/wp\/v2\/users\/18"}],"replies":[{"embeddable":true,"href":"https:\/\/staging.forenteforlag.no\/forlaget\/wp-json\/wp\/v2\/comments?post=23283"}],"version-history":[{"count":5,"href":"https:\/\/staging.forenteforlag.no\/forlaget\/wp-json\/wp\/v2\/posts\/23283\/revisions"}],"predecessor-version":[{"id":23288,"href":"https:\/\/staging.forenteforlag.no\/forlaget\/wp-json\/wp\/v2\/posts\/23283\/revisions\/23288"}],"wp:featuredmedia":[{"embeddable":true,"href":"https:\/\/staging.forenteforlag.no\/forlaget\/wp-json\/wp\/v2\/media\/25616"}],"wp:attachment":[{"href":"https:\/\/staging.forenteforlag.no\/forlaget\/wp-json\/wp\/v2\/media?parent=23283"}],"wp:term":[{"taxonomy":"category","embeddable":true,"href":"https:\/\/staging.forenteforlag.no\/forlaget\/wp-json\/wp\/v2\/categories?post=23283"},{"taxonomy":"post_tag","embeddable":true,"href":"https:\/\/staging.forenteforlag.no\/forlaget\/wp-json\/wp\/v2\/tags?post=23283"}],"curies":[{"name":"wp","href":"https:\/\/api.w.org\/{rel}","templated":true}]}}