{"id":22976,"date":"2025-02-14T14:53:41","date_gmt":"2025-02-14T13:53:41","guid":{"rendered":"https:\/\/forlagetpress.no\/?p=22976"},"modified":"2025-02-14T15:08:44","modified_gmt":"2025-02-14T14:08:44","slug":"dasha-kiper-besoker-oslo","status":"publish","type":"post","link":"https:\/\/staging.forenteforlag.no\/forlaget\/dasha-kiper-besoker-oslo\/","title":{"rendered":"Dasha Kiper bes\u00f8ker Oslo"},"content":{"rendered":"<p>Dasha Kiper er forsker og psykolog og har behandlet b\u00e5de demenspasienter og deres p\u00e5r\u00f8rende. Med <em>Reisende til ukjente riker<\/em> har hun skrevet en utfordrende, vakker og l\u00e6rerik bok om demensens virkelighet \u2013 slik den arter seg b\u00e5de for den syke og dem som er rundt.<\/p>\n<p>N\u00e5 har vi gleden av \u00e5 opplyse om at forfatteren kommer til Oslo. Onsdag 26. februar vil det v\u00e6re mulig \u00e5 delta p\u00e5 et arrangement i v\u00e5re lokaler der lege Karin Persson fra Nasjonalt senter for aldring og helse vil samtale med forfatteren. Dette skjer klokken 18.00 i Bernhard Getz&#8217; gate 3. Vennligst meld dere p\u00e5 til marked@fpress.no om dere \u00f8nsker \u00e5 komme. Arrangementet vil foreg\u00e5 p\u00e5 engelsk og er gratis.<\/p>\n","protected":false},"excerpt":{"rendered":"<p>Dasha Kiper er forsker og psykolog og har behandlet b\u00e5de demenspasienter og deres p\u00e5r\u00f8rende. Med Reisende til ukjente riker har hun skrevet en utfordrende, vakker og l\u00e6rerik bok om demensens virkelighet \u2013 slik den arter seg b\u00e5de for den syke og dem som er rundt. N\u00e5 har vi gleden av \u00e5 opplyse om at forfatteren [&hellip;]<\/p>\n","protected":false},"author":18,"featured_media":22944,"comment_status":"closed","ping_status":"closed","sticky":false,"template":"","format":"standard","meta":{"_acf_changed":false,"inline_featured_image":false,"footnotes":""},"categories":[1],"tags":[1775,1778,1777,1774,1776],"class_list":["post-22976","post","type-post","status-publish","format-standard","has-post-thumbnail","hentry","category-uncategorized","tag-aldring","tag-alzheimer","tag-dasha-kiper","tag-demens","tag-helse"],"acf":[],"yoast_head":"<!-- This site is optimized with the Yoast SEO plugin v26.6 - https:\/\/yoast.com\/wordpress\/plugins\/seo\/ -->\n<title>Dasha Kiper bes\u00f8ker Oslo - Forlaget Press<\/title>\n<meta name=\"description\" content=\"Dasha Kiper, Reisende til ukjente riker, demens, aldring, helse\" \/>\n<meta name=\"robots\" content=\"noindex, follow, max-snippet:-1, max-image-preview:large, max-video-preview:-1\" \/>\n<meta property=\"og:locale\" content=\"nb_NO\" \/>\n<meta property=\"og:type\" content=\"article\" \/>\n<meta property=\"og:title\" content=\"Dasha Kiper bes\u00f8ker Oslo - Forlaget Press\" \/>\n<meta property=\"og:description\" content=\"Dasha Kiper, Reisende til ukjente riker, demens, aldring, helse\" \/>\n<meta property=\"og:url\" content=\"https:\/\/staging.forenteforlag.no\/forlaget\/dasha-kiper-besoker-oslo\/\" \/>\n<meta property=\"og:site_name\" content=\"Forlaget Press\" \/>\n<meta property=\"article:publisher\" content=\"https:\/\/www.facebook.com\/Forlagetpress\" \/>\n<meta property=\"article:published_time\" content=\"2025-02-14T13:53:41+00:00\" \/>\n<meta property=\"article:modified_time\" content=\"2025-02-14T14:08:44+00:00\" \/>\n<meta property=\"og:image\" content=\"https:\/\/staging.forenteforlag.no\/forlaget\/wp-content\/uploads\/sites\/3\/2024\/12\/Kiper-portrett-scaled.jpg\" \/>\n\t<meta property=\"og:image:width\" content=\"1920\" \/>\n\t<meta property=\"og:image:height\" content=\"1920\" \/>\n\t<meta property=\"og:image:type\" content=\"image\/jpeg\" \/>\n<meta name=\"author\" content=\"Forlaget Press\" \/>\n<meta name=\"twitter:card\" content=\"summary_large_image\" \/>\n<meta name=\"twitter:label1\" content=\"Skrevet av\" \/>\n\t<meta name=\"twitter:data1\" content=\"Forlaget Press\" \/>\n\t<meta name=\"twitter:label2\" content=\"Ansl. lesetid\" \/>\n\t<meta name=\"twitter:data2\" content=\"1 minutt\" \/>\n<script type=\"application\/ld+json\" class=\"yoast-schema-graph\">{\"@context\":\"https:\/\/schema.org\",\"@graph\":[{\"@type\":\"Article\",\"@id\":\"https:\/\/staging.forenteforlag.no\/forlaget\/dasha-kiper-besoker-oslo\/#article\",\"isPartOf\":{\"@id\":\"https:\/\/staging.forenteforlag.no\/forlaget\/dasha-kiper-besoker-oslo\/\"},\"author\":{\"name\":\"Forlaget Press\",\"@id\":\"https:\/\/staging.forenteforlag.no\/forlaget\/#\/schema\/person\/6c87a07c2b631a80b95a6caae0c5dda9\"},\"headline\":\"Dasha Kiper bes\u00f8ker Oslo\",\"datePublished\":\"2025-02-14T13:53:41+00:00\",\"dateModified\":\"2025-02-14T14:08:44+00:00\",\"mainEntityOfPage\":{\"@id\":\"https:\/\/staging.forenteforlag.no\/forlaget\/dasha-kiper-besoker-oslo\/\"},\"wordCount\":123,\"publisher\":{\"@id\":\"https:\/\/staging.forenteforlag.no\/forlaget\/#organization\"},\"image\":{\"@id\":\"https:\/\/staging.forenteforlag.no\/forlaget\/dasha-kiper-besoker-oslo\/#primaryimage\"},\"thumbnailUrl\":\"https:\/\/staging.forenteforlag.no\/forlaget\/wp-content\/uploads\/sites\/3\/2024\/12\/Kiper-portrett-scaled.jpg\",\"keywords\":[\"aldring\",\"alzheimer\",\"dasha kiper\",\"demens\",\"helse\"],\"articleSection\":[\"Uncategorized\"],\"inLanguage\":\"nb-NO\"},{\"@type\":\"WebPage\",\"@id\":\"https:\/\/staging.forenteforlag.no\/forlaget\/dasha-kiper-besoker-oslo\/\",\"url\":\"https:\/\/staging.forenteforlag.no\/forlaget\/dasha-kiper-besoker-oslo\/\",\"name\":\"Dasha Kiper bes\u00f8ker Oslo - Forlaget Press\",\"isPartOf\":{\"@id\":\"https:\/\/staging.forenteforlag.no\/forlaget\/#website\"},\"primaryImageOfPage\":{\"@id\":\"https:\/\/staging.forenteforlag.no\/forlaget\/dasha-kiper-besoker-oslo\/#primaryimage\"},\"image\":{\"@id\":\"https:\/\/staging.forenteforlag.no\/forlaget\/dasha-kiper-besoker-oslo\/#primaryimage\"},\"thumbnailUrl\":\"https:\/\/staging.forenteforlag.no\/forlaget\/wp-content\/uploads\/sites\/3\/2024\/12\/Kiper-portrett-scaled.jpg\",\"datePublished\":\"2025-02-14T13:53:41+00:00\",\"dateModified\":\"2025-02-14T14:08:44+00:00\",\"description\":\"Dasha Kiper, Reisende til ukjente riker, demens, aldring, helse\",\"breadcrumb\":{\"@id\":\"https:\/\/staging.forenteforlag.no\/forlaget\/dasha-kiper-besoker-oslo\/#breadcrumb\"},\"inLanguage\":\"nb-NO\",\"potentialAction\":[{\"@type\":\"ReadAction\",\"target\":[\"https:\/\/staging.forenteforlag.no\/forlaget\/dasha-kiper-besoker-oslo\/\"]}]},{\"@type\":\"ImageObject\",\"inLanguage\":\"nb-NO\",\"@id\":\"https:\/\/staging.forenteforlag.no\/forlaget\/dasha-kiper-besoker-oslo\/#primaryimage\",\"url\":\"https:\/\/staging.forenteforlag.no\/forlaget\/wp-content\/uploads\/sites\/3\/2024\/12\/Kiper-portrett-scaled.jpg\",\"contentUrl\":\"https:\/\/staging.forenteforlag.no\/forlaget\/wp-content\/uploads\/sites\/3\/2024\/12\/Kiper-portrett-scaled.jpg\",\"width\":1920,\"height\":1920},{\"@type\":\"BreadcrumbList\",\"@id\":\"https:\/\/staging.forenteforlag.no\/forlaget\/dasha-kiper-besoker-oslo\/#breadcrumb\",\"itemListElement\":[{\"@type\":\"ListItem\",\"position\":1,\"name\":\"Hjem\",\"item\":\"https:\/\/staging.forenteforlag.no\/forlaget\/\"},{\"@type\":\"ListItem\",\"position\":2,\"name\":\"Dasha Kiper bes\u00f8ker Oslo\"}]},{\"@type\":\"WebSite\",\"@id\":\"https:\/\/staging.forenteforlag.no\/forlaget\/#website\",\"url\":\"https:\/\/staging.forenteforlag.no\/forlaget\/\",\"name\":\"Forlaget Press\",\"description\":\"\",\"publisher\":{\"@id\":\"https:\/\/staging.forenteforlag.no\/forlaget\/#organization\"},\"potentialAction\":[{\"@type\":\"SearchAction\",\"target\":{\"@type\":\"EntryPoint\",\"urlTemplate\":\"https:\/\/staging.forenteforlag.no\/forlaget\/?s={search_term_string}\"},\"query-input\":{\"@type\":\"PropertyValueSpecification\",\"valueRequired\":true,\"valueName\":\"search_term_string\"}}],\"inLanguage\":\"nb-NO\"},{\"@type\":\"Organization\",\"@id\":\"https:\/\/staging.forenteforlag.no\/forlaget\/#organization\",\"name\":\"Forlaget Press\",\"url\":\"https:\/\/staging.forenteforlag.no\/forlaget\/\",\"logo\":{\"@type\":\"ImageObject\",\"inLanguage\":\"nb-NO\",\"@id\":\"https:\/\/staging.forenteforlag.no\/forlaget\/#\/schema\/logo\/image\/\",\"url\":\"https:\/\/staging.forenteforlag.no\/forlaget\/wp-content\/uploads\/sites\/3\/2024\/09\/Press_logo.svg\",\"contentUrl\":\"https:\/\/staging.forenteforlag.no\/forlaget\/wp-content\/uploads\/sites\/3\/2024\/09\/Press_logo.svg\",\"width\":100,\"height\":100,\"caption\":\"Forlaget Press\"},\"image\":{\"@id\":\"https:\/\/staging.forenteforlag.no\/forlaget\/#\/schema\/logo\/image\/\"},\"sameAs\":[\"https:\/\/www.facebook.com\/Forlagetpress\"]},{\"@type\":\"Person\",\"@id\":\"https:\/\/staging.forenteforlag.no\/forlaget\/#\/schema\/person\/6c87a07c2b631a80b95a6caae0c5dda9\",\"name\":\"Forlaget Press\",\"image\":{\"@type\":\"ImageObject\",\"inLanguage\":\"nb-NO\",\"@id\":\"https:\/\/staging.forenteforlag.no\/forlaget\/#\/schema\/person\/image\/\",\"url\":\"https:\/\/staging.forenteforlag.no\/forlaget\/wp-content\/litespeed\/avatar\/3\/4de108ba77fe62b0b3c0755ac3fa1c49.jpg?ver=1777227782\",\"contentUrl\":\"https:\/\/staging.forenteforlag.no\/forlaget\/wp-content\/litespeed\/avatar\/3\/4de108ba77fe62b0b3c0755ac3fa1c49.jpg?ver=1777227782\",\"caption\":\"Forlaget Press\"},\"url\":\"https:\/\/staging.forenteforlag.no\/forlaget\/author\/thomas\/\"}]}<\/script>\n<!-- \/ Yoast SEO plugin. -->","yoast_head_json":{"title":"Dasha Kiper bes\u00f8ker Oslo - Forlaget Press","description":"Dasha Kiper, Reisende til ukjente riker, demens, aldring, helse","robots":{"index":"noindex","follow":"follow","max-snippet":"max-snippet:-1","max-image-preview":"max-image-preview:large","max-video-preview":"max-video-preview:-1"},"og_locale":"nb_NO","og_type":"article","og_title":"Dasha Kiper bes\u00f8ker Oslo - Forlaget Press","og_description":"Dasha Kiper, Reisende til ukjente riker, demens, aldring, helse","og_url":"https:\/\/staging.forenteforlag.no\/forlaget\/dasha-kiper-besoker-oslo\/","og_site_name":"Forlaget Press","article_publisher":"https:\/\/www.facebook.com\/Forlagetpress","article_published_time":"2025-02-14T13:53:41+00:00","article_modified_time":"2025-02-14T14:08:44+00:00","og_image":[{"width":1920,"height":1920,"url":"https:\/\/staging.forenteforlag.no\/forlaget\/wp-content\/uploads\/sites\/3\/2024\/12\/Kiper-portrett-scaled.jpg","type":"image\/jpeg"}],"author":"Forlaget Press","twitter_card":"summary_large_image","twitter_misc":{"Skrevet av":"Forlaget Press","Ansl. lesetid":"1 minutt"},"schema":{"@context":"https:\/\/schema.org","@graph":[{"@type":"Article","@id":"https:\/\/staging.forenteforlag.no\/forlaget\/dasha-kiper-besoker-oslo\/#article","isPartOf":{"@id":"https:\/\/staging.forenteforlag.no\/forlaget\/dasha-kiper-besoker-oslo\/"},"author":{"name":"Forlaget Press","@id":"https:\/\/staging.forenteforlag.no\/forlaget\/#\/schema\/person\/6c87a07c2b631a80b95a6caae0c5dda9"},"headline":"Dasha Kiper bes\u00f8ker Oslo","datePublished":"2025-02-14T13:53:41+00:00","dateModified":"2025-02-14T14:08:44+00:00","mainEntityOfPage":{"@id":"https:\/\/staging.forenteforlag.no\/forlaget\/dasha-kiper-besoker-oslo\/"},"wordCount":123,"publisher":{"@id":"https:\/\/staging.forenteforlag.no\/forlaget\/#organization"},"image":{"@id":"https:\/\/staging.forenteforlag.no\/forlaget\/dasha-kiper-besoker-oslo\/#primaryimage"},"thumbnailUrl":"https:\/\/staging.forenteforlag.no\/forlaget\/wp-content\/uploads\/sites\/3\/2024\/12\/Kiper-portrett-scaled.jpg","keywords":["aldring","alzheimer","dasha kiper","demens","helse"],"articleSection":["Uncategorized"],"inLanguage":"nb-NO"},{"@type":"WebPage","@id":"https:\/\/staging.forenteforlag.no\/forlaget\/dasha-kiper-besoker-oslo\/","url":"https:\/\/staging.forenteforlag.no\/forlaget\/dasha-kiper-besoker-oslo\/","name":"Dasha Kiper bes\u00f8ker Oslo - Forlaget Press","isPartOf":{"@id":"https:\/\/staging.forenteforlag.no\/forlaget\/#website"},"primaryImageOfPage":{"@id":"https:\/\/staging.forenteforlag.no\/forlaget\/dasha-kiper-besoker-oslo\/#primaryimage"},"image":{"@id":"https:\/\/staging.forenteforlag.no\/forlaget\/dasha-kiper-besoker-oslo\/#primaryimage"},"thumbnailUrl":"https:\/\/staging.forenteforlag.no\/forlaget\/wp-content\/uploads\/sites\/3\/2024\/12\/Kiper-portrett-scaled.jpg","datePublished":"2025-02-14T13:53:41+00:00","dateModified":"2025-02-14T14:08:44+00:00","description":"Dasha Kiper, Reisende til ukjente riker, demens, aldring, helse","breadcrumb":{"@id":"https:\/\/staging.forenteforlag.no\/forlaget\/dasha-kiper-besoker-oslo\/#breadcrumb"},"inLanguage":"nb-NO","potentialAction":[{"@type":"ReadAction","target":["https:\/\/staging.forenteforlag.no\/forlaget\/dasha-kiper-besoker-oslo\/"]}]},{"@type":"ImageObject","inLanguage":"nb-NO","@id":"https:\/\/staging.forenteforlag.no\/forlaget\/dasha-kiper-besoker-oslo\/#primaryimage","url":"https:\/\/staging.forenteforlag.no\/forlaget\/wp-content\/uploads\/sites\/3\/2024\/12\/Kiper-portrett-scaled.jpg","contentUrl":"https:\/\/staging.forenteforlag.no\/forlaget\/wp-content\/uploads\/sites\/3\/2024\/12\/Kiper-portrett-scaled.jpg","width":1920,"height":1920},{"@type":"BreadcrumbList","@id":"https:\/\/staging.forenteforlag.no\/forlaget\/dasha-kiper-besoker-oslo\/#breadcrumb","itemListElement":[{"@type":"ListItem","position":1,"name":"Hjem","item":"https:\/\/staging.forenteforlag.no\/forlaget\/"},{"@type":"ListItem","position":2,"name":"Dasha Kiper bes\u00f8ker Oslo"}]},{"@type":"WebSite","@id":"https:\/\/staging.forenteforlag.no\/forlaget\/#website","url":"https:\/\/staging.forenteforlag.no\/forlaget\/","name":"Forlaget Press","description":"","publisher":{"@id":"https:\/\/staging.forenteforlag.no\/forlaget\/#organization"},"potentialAction":[{"@type":"SearchAction","target":{"@type":"EntryPoint","urlTemplate":"https:\/\/staging.forenteforlag.no\/forlaget\/?s={search_term_string}"},"query-input":{"@type":"PropertyValueSpecification","valueRequired":true,"valueName":"search_term_string"}}],"inLanguage":"nb-NO"},{"@type":"Organization","@id":"https:\/\/staging.forenteforlag.no\/forlaget\/#organization","name":"Forlaget Press","url":"https:\/\/staging.forenteforlag.no\/forlaget\/","logo":{"@type":"ImageObject","inLanguage":"nb-NO","@id":"https:\/\/staging.forenteforlag.no\/forlaget\/#\/schema\/logo\/image\/","url":"https:\/\/staging.forenteforlag.no\/forlaget\/wp-content\/uploads\/sites\/3\/2024\/09\/Press_logo.svg","contentUrl":"https:\/\/staging.forenteforlag.no\/forlaget\/wp-content\/uploads\/sites\/3\/2024\/09\/Press_logo.svg","width":100,"height":100,"caption":"Forlaget Press"},"image":{"@id":"https:\/\/staging.forenteforlag.no\/forlaget\/#\/schema\/logo\/image\/"},"sameAs":["https:\/\/www.facebook.com\/Forlagetpress"]},{"@type":"Person","@id":"https:\/\/staging.forenteforlag.no\/forlaget\/#\/schema\/person\/6c87a07c2b631a80b95a6caae0c5dda9","name":"Forlaget Press","image":{"@type":"ImageObject","inLanguage":"nb-NO","@id":"https:\/\/staging.forenteforlag.no\/forlaget\/#\/schema\/person\/image\/","url":"https:\/\/staging.forenteforlag.no\/forlaget\/wp-content\/litespeed\/avatar\/3\/4de108ba77fe62b0b3c0755ac3fa1c49.jpg?ver=1777227782","contentUrl":"https:\/\/staging.forenteforlag.no\/forlaget\/wp-content\/litespeed\/avatar\/3\/4de108ba77fe62b0b3c0755ac3fa1c49.jpg?ver=1777227782","caption":"Forlaget Press"},"url":"https:\/\/staging.forenteforlag.no\/forlaget\/author\/thomas\/"}]}},"_links":{"self":[{"href":"https:\/\/staging.forenteforlag.no\/forlaget\/wp-json\/wp\/v2\/posts\/22976","targetHints":{"allow":["GET"]}}],"collection":[{"href":"https:\/\/staging.forenteforlag.no\/forlaget\/wp-json\/wp\/v2\/posts"}],"about":[{"href":"https:\/\/staging.forenteforlag.no\/forlaget\/wp-json\/wp\/v2\/types\/post"}],"author":[{"embeddable":true,"href":"https:\/\/staging.forenteforlag.no\/forlaget\/wp-json\/wp\/v2\/users\/18"}],"replies":[{"embeddable":true,"href":"https:\/\/staging.forenteforlag.no\/forlaget\/wp-json\/wp\/v2\/comments?post=22976"}],"version-history":[{"count":5,"href":"https:\/\/staging.forenteforlag.no\/forlaget\/wp-json\/wp\/v2\/posts\/22976\/revisions"}],"predecessor-version":[{"id":22983,"href":"https:\/\/staging.forenteforlag.no\/forlaget\/wp-json\/wp\/v2\/posts\/22976\/revisions\/22983"}],"wp:featuredmedia":[{"embeddable":true,"href":"https:\/\/staging.forenteforlag.no\/forlaget\/wp-json\/wp\/v2\/media\/22944"}],"wp:attachment":[{"href":"https:\/\/staging.forenteforlag.no\/forlaget\/wp-json\/wp\/v2\/media?parent=22976"}],"wp:term":[{"taxonomy":"category","embeddable":true,"href":"https:\/\/staging.forenteforlag.no\/forlaget\/wp-json\/wp\/v2\/categories?post=22976"},{"taxonomy":"post_tag","embeddable":true,"href":"https:\/\/staging.forenteforlag.no\/forlaget\/wp-json\/wp\/v2\/tags?post=22976"}],"curies":[{"name":"wp","href":"https:\/\/api.w.org\/{rel}","templated":true}]}}