{"id":22574,"date":"2025-01-29T15:44:14","date_gmt":"2025-01-29T14:44:14","guid":{"rendered":"https:\/\/forlagetpress.forenteforlag.no\/?p=22574"},"modified":"2025-01-29T15:44:14","modified_gmt":"2025-01-29T14:44:14","slug":"timothy-snyder-gjestet-aulaen-til-fullbooket-sal","status":"publish","type":"post","link":"https:\/\/staging.forenteforlag.no\/forlaget\/timothy-snyder-gjestet-aulaen-til-fullbooket-sal\/","title":{"rendered":"Timothy Snyder gjestet Aulaen til fullbooket sal"},"content":{"rendered":"<p>Tirsdag 28. januar var Timothy Snyder \u00e5rets gjest n\u00e5r Tankesmien Agenda holdt sitt \u00e5rlige foredrag i Aulaen. Salen var fullstappet.<\/p>\n<p>Trygve Svensson, leder for Tankesmien Agenda, uttaler \u00abi \u00e5r har m\u00e5ttet \u00e5pne galleriet p\u00e5 grunn av interessen. Av ti \u00e5r med Aula-foredrag har vi ikke v\u00e6rt med p\u00e5 maken. Hvorfor? Jeg tror det korte svaret er at vi lever i dramatiske tider. Og folk er sugne p\u00e5 kloke svar, og kloke ord om det mest hellige vi har, nemlig frihet og demokrati.\u00bb<\/p>\n<p>Etter et foredrag om boka Om frihet, deltok Snyder i en samtale om politisk frihet med statsminister Jonas Gahr St\u00f8re, Cecilie Hellestveit, Christian Berg Harpviken &amp; Helge Jordheim i panelet.<\/p>\n<p>Snyder er Richard C. Levin professor ved Yale og medarbeider ved Institut f\u00fcr die Wissenschaften vom Menschen (IWM) i Wien. Han ble kjent for et internasjonalt publikum med boka D\u00f8dsmarkene \u2013 Europa mellom Hitler og Stalin (2010). I boka Om frihet som delvis er skrevet p\u00e5 hans mange reiser i Ukraina, gir Snyder sitt svar p\u00e5 hvordan en bedre versjon av hans eget hjemland, USA, vil se ut.<\/p>\n","protected":false},"excerpt":{"rendered":"<p>Tirsdag 28. januar var Timothy Snyder \u00e5rets gjest n\u00e5r Tankesmien Agenda holdt sitt \u00e5rlige foredrag i Aulaen. Salen var fullstappet. Trygve Svensson, leder for Tankesmien Agenda, uttaler \u00abi \u00e5r har m\u00e5ttet \u00e5pne galleriet p\u00e5 grunn av interessen. Av ti \u00e5r med Aula-foredrag har vi ikke v\u00e6rt med p\u00e5 maken. Hvorfor? Jeg tror det korte svaret [&hellip;]<\/p>\n","protected":false},"author":2,"featured_media":22575,"comment_status":"closed","ping_status":"closed","sticky":false,"template":"","format":"standard","meta":{"_acf_changed":false,"inline_featured_image":false,"footnotes":""},"categories":[1],"tags":[],"class_list":["post-22574","post","type-post","status-publish","format-standard","has-post-thumbnail","hentry","category-uncategorized"],"acf":[],"yoast_head":"<!-- This site is optimized with the Yoast SEO plugin v26.6 - https:\/\/yoast.com\/wordpress\/plugins\/seo\/ -->\n<title>Timothy Snyder gjestet Aulaen til fullbooket sal - Forlaget Press<\/title>\n<meta name=\"robots\" content=\"noindex, follow, max-snippet:-1, max-image-preview:large, max-video-preview:-1\" \/>\n<meta property=\"og:locale\" content=\"nb_NO\" \/>\n<meta property=\"og:type\" content=\"article\" \/>\n<meta property=\"og:title\" content=\"Timothy Snyder gjestet Aulaen til fullbooket sal - Forlaget Press\" \/>\n<meta property=\"og:description\" content=\"Tirsdag 28. januar var Timothy Snyder \u00e5rets gjest n\u00e5r Tankesmien Agenda holdt sitt \u00e5rlige foredrag i Aulaen. Salen var fullstappet. Trygve Svensson, leder for Tankesmien Agenda, uttaler \u00abi \u00e5r har m\u00e5ttet \u00e5pne galleriet p\u00e5 grunn av interessen. Av ti \u00e5r med Aula-foredrag har vi ikke v\u00e6rt med p\u00e5 maken. Hvorfor? Jeg tror det korte svaret [&hellip;]\" \/>\n<meta property=\"og:url\" content=\"https:\/\/staging.forenteforlag.no\/forlaget\/timothy-snyder-gjestet-aulaen-til-fullbooket-sal\/\" \/>\n<meta property=\"og:site_name\" content=\"Forlaget Press\" \/>\n<meta property=\"article:publisher\" content=\"https:\/\/www.facebook.com\/Forlagetpress\" \/>\n<meta property=\"article:published_time\" content=\"2025-01-29T14:44:14+00:00\" \/>\n<meta property=\"og:image\" content=\"https:\/\/staging.forenteforlag.no\/forlaget\/wp-content\/uploads\/sites\/3\/2025\/01\/Snyder-nettsak.png\" \/>\n\t<meta property=\"og:image:width\" content=\"1290\" \/>\n\t<meta property=\"og:image:height\" content=\"677\" \/>\n\t<meta property=\"og:image:type\" content=\"image\/png\" \/>\n<meta name=\"author\" content=\"Forente Forlag\" \/>\n<meta name=\"twitter:card\" content=\"summary_large_image\" \/>\n<meta name=\"twitter:label1\" content=\"Skrevet av\" \/>\n\t<meta name=\"twitter:data1\" content=\"Forente Forlag\" \/>\n\t<meta name=\"twitter:label2\" content=\"Ansl. lesetid\" \/>\n\t<meta name=\"twitter:data2\" content=\"2 minutter\" \/>\n<script type=\"application\/ld+json\" class=\"yoast-schema-graph\">{\"@context\":\"https:\/\/schema.org\",\"@graph\":[{\"@type\":\"Article\",\"@id\":\"https:\/\/staging.forenteforlag.no\/forlaget\/timothy-snyder-gjestet-aulaen-til-fullbooket-sal\/#article\",\"isPartOf\":{\"@id\":\"https:\/\/staging.forenteforlag.no\/forlaget\/timothy-snyder-gjestet-aulaen-til-fullbooket-sal\/\"},\"author\":{\"name\":\"Forente Forlag\",\"@id\":\"https:\/\/staging.forenteforlag.no\/forlaget\/#\/schema\/person\/47ac24005460a5aa03e1faa2e070a217\"},\"headline\":\"Timothy Snyder gjestet Aulaen til fullbooket sal\",\"datePublished\":\"2025-01-29T14:44:14+00:00\",\"mainEntityOfPage\":{\"@id\":\"https:\/\/staging.forenteforlag.no\/forlaget\/timothy-snyder-gjestet-aulaen-til-fullbooket-sal\/\"},\"wordCount\":190,\"publisher\":{\"@id\":\"https:\/\/staging.forenteforlag.no\/forlaget\/#organization\"},\"image\":{\"@id\":\"https:\/\/staging.forenteforlag.no\/forlaget\/timothy-snyder-gjestet-aulaen-til-fullbooket-sal\/#primaryimage\"},\"thumbnailUrl\":\"https:\/\/staging.forenteforlag.no\/forlaget\/wp-content\/uploads\/sites\/3\/2025\/01\/Snyder-nettsak.png\",\"articleSection\":[\"Uncategorized\"],\"inLanguage\":\"nb-NO\"},{\"@type\":\"WebPage\",\"@id\":\"https:\/\/staging.forenteforlag.no\/forlaget\/timothy-snyder-gjestet-aulaen-til-fullbooket-sal\/\",\"url\":\"https:\/\/staging.forenteforlag.no\/forlaget\/timothy-snyder-gjestet-aulaen-til-fullbooket-sal\/\",\"name\":\"Timothy Snyder gjestet Aulaen til fullbooket sal - Forlaget Press\",\"isPartOf\":{\"@id\":\"https:\/\/staging.forenteforlag.no\/forlaget\/#website\"},\"primaryImageOfPage\":{\"@id\":\"https:\/\/staging.forenteforlag.no\/forlaget\/timothy-snyder-gjestet-aulaen-til-fullbooket-sal\/#primaryimage\"},\"image\":{\"@id\":\"https:\/\/staging.forenteforlag.no\/forlaget\/timothy-snyder-gjestet-aulaen-til-fullbooket-sal\/#primaryimage\"},\"thumbnailUrl\":\"https:\/\/staging.forenteforlag.no\/forlaget\/wp-content\/uploads\/sites\/3\/2025\/01\/Snyder-nettsak.png\",\"datePublished\":\"2025-01-29T14:44:14+00:00\",\"breadcrumb\":{\"@id\":\"https:\/\/staging.forenteforlag.no\/forlaget\/timothy-snyder-gjestet-aulaen-til-fullbooket-sal\/#breadcrumb\"},\"inLanguage\":\"nb-NO\",\"potentialAction\":[{\"@type\":\"ReadAction\",\"target\":[\"https:\/\/staging.forenteforlag.no\/forlaget\/timothy-snyder-gjestet-aulaen-til-fullbooket-sal\/\"]}]},{\"@type\":\"ImageObject\",\"inLanguage\":\"nb-NO\",\"@id\":\"https:\/\/staging.forenteforlag.no\/forlaget\/timothy-snyder-gjestet-aulaen-til-fullbooket-sal\/#primaryimage\",\"url\":\"https:\/\/staging.forenteforlag.no\/forlaget\/wp-content\/uploads\/sites\/3\/2025\/01\/Snyder-nettsak.png\",\"contentUrl\":\"https:\/\/staging.forenteforlag.no\/forlaget\/wp-content\/uploads\/sites\/3\/2025\/01\/Snyder-nettsak.png\",\"width\":1290,\"height\":677},{\"@type\":\"BreadcrumbList\",\"@id\":\"https:\/\/staging.forenteforlag.no\/forlaget\/timothy-snyder-gjestet-aulaen-til-fullbooket-sal\/#breadcrumb\",\"itemListElement\":[{\"@type\":\"ListItem\",\"position\":1,\"name\":\"Hjem\",\"item\":\"https:\/\/staging.forenteforlag.no\/forlaget\/\"},{\"@type\":\"ListItem\",\"position\":2,\"name\":\"Timothy Snyder gjestet Aulaen til fullbooket sal\"}]},{\"@type\":\"WebSite\",\"@id\":\"https:\/\/staging.forenteforlag.no\/forlaget\/#website\",\"url\":\"https:\/\/staging.forenteforlag.no\/forlaget\/\",\"name\":\"Forlaget Press\",\"description\":\"\",\"publisher\":{\"@id\":\"https:\/\/staging.forenteforlag.no\/forlaget\/#organization\"},\"potentialAction\":[{\"@type\":\"SearchAction\",\"target\":{\"@type\":\"EntryPoint\",\"urlTemplate\":\"https:\/\/staging.forenteforlag.no\/forlaget\/?s={search_term_string}\"},\"query-input\":{\"@type\":\"PropertyValueSpecification\",\"valueRequired\":true,\"valueName\":\"search_term_string\"}}],\"inLanguage\":\"nb-NO\"},{\"@type\":\"Organization\",\"@id\":\"https:\/\/staging.forenteforlag.no\/forlaget\/#organization\",\"name\":\"Forlaget Press\",\"url\":\"https:\/\/staging.forenteforlag.no\/forlaget\/\",\"logo\":{\"@type\":\"ImageObject\",\"inLanguage\":\"nb-NO\",\"@id\":\"https:\/\/staging.forenteforlag.no\/forlaget\/#\/schema\/logo\/image\/\",\"url\":\"https:\/\/staging.forenteforlag.no\/forlaget\/wp-content\/uploads\/sites\/3\/2024\/09\/Press_logo.svg\",\"contentUrl\":\"https:\/\/staging.forenteforlag.no\/forlaget\/wp-content\/uploads\/sites\/3\/2024\/09\/Press_logo.svg\",\"width\":100,\"height\":100,\"caption\":\"Forlaget Press\"},\"image\":{\"@id\":\"https:\/\/staging.forenteforlag.no\/forlaget\/#\/schema\/logo\/image\/\"},\"sameAs\":[\"https:\/\/www.facebook.com\/Forlagetpress\"]},{\"@type\":\"Person\",\"@id\":\"https:\/\/staging.forenteforlag.no\/forlaget\/#\/schema\/person\/47ac24005460a5aa03e1faa2e070a217\",\"name\":\"Forente Forlag\",\"image\":{\"@type\":\"ImageObject\",\"inLanguage\":\"nb-NO\",\"@id\":\"https:\/\/staging.forenteforlag.no\/forlaget\/#\/schema\/person\/image\/\",\"url\":\"https:\/\/staging.forenteforlag.no\/forlaget\/wp-content\/litespeed\/avatar\/3\/72e201f0bd193153c1ed900f839edb16.jpg?ver=1777451880\",\"contentUrl\":\"https:\/\/staging.forenteforlag.no\/forlaget\/wp-content\/litespeed\/avatar\/3\/72e201f0bd193153c1ed900f839edb16.jpg?ver=1777451880\",\"caption\":\"Forente Forlag\"},\"url\":\"https:\/\/staging.forenteforlag.no\/forlaget\/author\/paal\/\"}]}<\/script>\n<!-- \/ Yoast SEO plugin. -->","yoast_head_json":{"title":"Timothy Snyder gjestet Aulaen til fullbooket sal - Forlaget Press","robots":{"index":"noindex","follow":"follow","max-snippet":"max-snippet:-1","max-image-preview":"max-image-preview:large","max-video-preview":"max-video-preview:-1"},"og_locale":"nb_NO","og_type":"article","og_title":"Timothy Snyder gjestet Aulaen til fullbooket sal - Forlaget Press","og_description":"Tirsdag 28. januar var Timothy Snyder \u00e5rets gjest n\u00e5r Tankesmien Agenda holdt sitt \u00e5rlige foredrag i Aulaen. Salen var fullstappet. Trygve Svensson, leder for Tankesmien Agenda, uttaler \u00abi \u00e5r har m\u00e5ttet \u00e5pne galleriet p\u00e5 grunn av interessen. Av ti \u00e5r med Aula-foredrag har vi ikke v\u00e6rt med p\u00e5 maken. Hvorfor? Jeg tror det korte svaret [&hellip;]","og_url":"https:\/\/staging.forenteforlag.no\/forlaget\/timothy-snyder-gjestet-aulaen-til-fullbooket-sal\/","og_site_name":"Forlaget Press","article_publisher":"https:\/\/www.facebook.com\/Forlagetpress","article_published_time":"2025-01-29T14:44:14+00:00","og_image":[{"width":1290,"height":677,"url":"https:\/\/staging.forenteforlag.no\/forlaget\/wp-content\/uploads\/sites\/3\/2025\/01\/Snyder-nettsak.png","type":"image\/png"}],"author":"Forente Forlag","twitter_card":"summary_large_image","twitter_misc":{"Skrevet av":"Forente Forlag","Ansl. lesetid":"2 minutter"},"schema":{"@context":"https:\/\/schema.org","@graph":[{"@type":"Article","@id":"https:\/\/staging.forenteforlag.no\/forlaget\/timothy-snyder-gjestet-aulaen-til-fullbooket-sal\/#article","isPartOf":{"@id":"https:\/\/staging.forenteforlag.no\/forlaget\/timothy-snyder-gjestet-aulaen-til-fullbooket-sal\/"},"author":{"name":"Forente Forlag","@id":"https:\/\/staging.forenteforlag.no\/forlaget\/#\/schema\/person\/47ac24005460a5aa03e1faa2e070a217"},"headline":"Timothy Snyder gjestet Aulaen til fullbooket sal","datePublished":"2025-01-29T14:44:14+00:00","mainEntityOfPage":{"@id":"https:\/\/staging.forenteforlag.no\/forlaget\/timothy-snyder-gjestet-aulaen-til-fullbooket-sal\/"},"wordCount":190,"publisher":{"@id":"https:\/\/staging.forenteforlag.no\/forlaget\/#organization"},"image":{"@id":"https:\/\/staging.forenteforlag.no\/forlaget\/timothy-snyder-gjestet-aulaen-til-fullbooket-sal\/#primaryimage"},"thumbnailUrl":"https:\/\/staging.forenteforlag.no\/forlaget\/wp-content\/uploads\/sites\/3\/2025\/01\/Snyder-nettsak.png","articleSection":["Uncategorized"],"inLanguage":"nb-NO"},{"@type":"WebPage","@id":"https:\/\/staging.forenteforlag.no\/forlaget\/timothy-snyder-gjestet-aulaen-til-fullbooket-sal\/","url":"https:\/\/staging.forenteforlag.no\/forlaget\/timothy-snyder-gjestet-aulaen-til-fullbooket-sal\/","name":"Timothy Snyder gjestet Aulaen til fullbooket sal - Forlaget Press","isPartOf":{"@id":"https:\/\/staging.forenteforlag.no\/forlaget\/#website"},"primaryImageOfPage":{"@id":"https:\/\/staging.forenteforlag.no\/forlaget\/timothy-snyder-gjestet-aulaen-til-fullbooket-sal\/#primaryimage"},"image":{"@id":"https:\/\/staging.forenteforlag.no\/forlaget\/timothy-snyder-gjestet-aulaen-til-fullbooket-sal\/#primaryimage"},"thumbnailUrl":"https:\/\/staging.forenteforlag.no\/forlaget\/wp-content\/uploads\/sites\/3\/2025\/01\/Snyder-nettsak.png","datePublished":"2025-01-29T14:44:14+00:00","breadcrumb":{"@id":"https:\/\/staging.forenteforlag.no\/forlaget\/timothy-snyder-gjestet-aulaen-til-fullbooket-sal\/#breadcrumb"},"inLanguage":"nb-NO","potentialAction":[{"@type":"ReadAction","target":["https:\/\/staging.forenteforlag.no\/forlaget\/timothy-snyder-gjestet-aulaen-til-fullbooket-sal\/"]}]},{"@type":"ImageObject","inLanguage":"nb-NO","@id":"https:\/\/staging.forenteforlag.no\/forlaget\/timothy-snyder-gjestet-aulaen-til-fullbooket-sal\/#primaryimage","url":"https:\/\/staging.forenteforlag.no\/forlaget\/wp-content\/uploads\/sites\/3\/2025\/01\/Snyder-nettsak.png","contentUrl":"https:\/\/staging.forenteforlag.no\/forlaget\/wp-content\/uploads\/sites\/3\/2025\/01\/Snyder-nettsak.png","width":1290,"height":677},{"@type":"BreadcrumbList","@id":"https:\/\/staging.forenteforlag.no\/forlaget\/timothy-snyder-gjestet-aulaen-til-fullbooket-sal\/#breadcrumb","itemListElement":[{"@type":"ListItem","position":1,"name":"Hjem","item":"https:\/\/staging.forenteforlag.no\/forlaget\/"},{"@type":"ListItem","position":2,"name":"Timothy Snyder gjestet Aulaen til fullbooket sal"}]},{"@type":"WebSite","@id":"https:\/\/staging.forenteforlag.no\/forlaget\/#website","url":"https:\/\/staging.forenteforlag.no\/forlaget\/","name":"Forlaget Press","description":"","publisher":{"@id":"https:\/\/staging.forenteforlag.no\/forlaget\/#organization"},"potentialAction":[{"@type":"SearchAction","target":{"@type":"EntryPoint","urlTemplate":"https:\/\/staging.forenteforlag.no\/forlaget\/?s={search_term_string}"},"query-input":{"@type":"PropertyValueSpecification","valueRequired":true,"valueName":"search_term_string"}}],"inLanguage":"nb-NO"},{"@type":"Organization","@id":"https:\/\/staging.forenteforlag.no\/forlaget\/#organization","name":"Forlaget Press","url":"https:\/\/staging.forenteforlag.no\/forlaget\/","logo":{"@type":"ImageObject","inLanguage":"nb-NO","@id":"https:\/\/staging.forenteforlag.no\/forlaget\/#\/schema\/logo\/image\/","url":"https:\/\/staging.forenteforlag.no\/forlaget\/wp-content\/uploads\/sites\/3\/2024\/09\/Press_logo.svg","contentUrl":"https:\/\/staging.forenteforlag.no\/forlaget\/wp-content\/uploads\/sites\/3\/2024\/09\/Press_logo.svg","width":100,"height":100,"caption":"Forlaget Press"},"image":{"@id":"https:\/\/staging.forenteforlag.no\/forlaget\/#\/schema\/logo\/image\/"},"sameAs":["https:\/\/www.facebook.com\/Forlagetpress"]},{"@type":"Person","@id":"https:\/\/staging.forenteforlag.no\/forlaget\/#\/schema\/person\/47ac24005460a5aa03e1faa2e070a217","name":"Forente Forlag","image":{"@type":"ImageObject","inLanguage":"nb-NO","@id":"https:\/\/staging.forenteforlag.no\/forlaget\/#\/schema\/person\/image\/","url":"https:\/\/staging.forenteforlag.no\/forlaget\/wp-content\/litespeed\/avatar\/3\/72e201f0bd193153c1ed900f839edb16.jpg?ver=1777451880","contentUrl":"https:\/\/staging.forenteforlag.no\/forlaget\/wp-content\/litespeed\/avatar\/3\/72e201f0bd193153c1ed900f839edb16.jpg?ver=1777451880","caption":"Forente Forlag"},"url":"https:\/\/staging.forenteforlag.no\/forlaget\/author\/paal\/"}]}},"_links":{"self":[{"href":"https:\/\/staging.forenteforlag.no\/forlaget\/wp-json\/wp\/v2\/posts\/22574","targetHints":{"allow":["GET"]}}],"collection":[{"href":"https:\/\/staging.forenteforlag.no\/forlaget\/wp-json\/wp\/v2\/posts"}],"about":[{"href":"https:\/\/staging.forenteforlag.no\/forlaget\/wp-json\/wp\/v2\/types\/post"}],"author":[{"embeddable":true,"href":"https:\/\/staging.forenteforlag.no\/forlaget\/wp-json\/wp\/v2\/users\/2"}],"replies":[{"embeddable":true,"href":"https:\/\/staging.forenteforlag.no\/forlaget\/wp-json\/wp\/v2\/comments?post=22574"}],"version-history":[{"count":2,"href":"https:\/\/staging.forenteforlag.no\/forlaget\/wp-json\/wp\/v2\/posts\/22574\/revisions"}],"predecessor-version":[{"id":22577,"href":"https:\/\/staging.forenteforlag.no\/forlaget\/wp-json\/wp\/v2\/posts\/22574\/revisions\/22577"}],"wp:featuredmedia":[{"embeddable":true,"href":"https:\/\/staging.forenteforlag.no\/forlaget\/wp-json\/wp\/v2\/media\/22575"}],"wp:attachment":[{"href":"https:\/\/staging.forenteforlag.no\/forlaget\/wp-json\/wp\/v2\/media?parent=22574"}],"wp:term":[{"taxonomy":"category","embeddable":true,"href":"https:\/\/staging.forenteforlag.no\/forlaget\/wp-json\/wp\/v2\/categories?post=22574"},{"taxonomy":"post_tag","embeddable":true,"href":"https:\/\/staging.forenteforlag.no\/forlaget\/wp-json\/wp\/v2\/tags?post=22574"}],"curies":[{"name":"wp","href":"https:\/\/api.w.org\/{rel}","templated":true}]}}