{"id":22273,"date":"2025-02-14T14:38:07","date_gmt":"2025-02-14T13:38:07","guid":{"rendered":"https:\/\/dreyersforlag.forenteforlag.no\/?p=22273"},"modified":"2025-02-20T16:21:38","modified_gmt":"2025-02-20T15:21:38","slug":"boklansering-vi-ukraina-av-henning-carr-ekroll-med-live-innspilling-av-ukrainapodden","status":"publish","type":"post","link":"https:\/\/staging.forenteforlag.no\/dreyers\/boklansering-vi-ukraina-av-henning-carr-ekroll-med-live-innspilling-av-ukrainapodden\/","title":{"rendered":"Boklansering: \u00abVi, Ukraina\u00bb av Henning Carr Ekroll \u2013 med live-innspilling av Ukrainapodden"},"content":{"rendered":"<p><strong>Tid:<\/strong> Torsdag 13. mars kl.18:00<br \/>\n<strong>Sted:<\/strong> Ingensteds, Oslo<\/p>\n<p class=\"xdj266r x11i5rnm xat24cr x1mh8g0r x1vvkbs\">Hvordan er det \u00e5 leve i et land i krig? Hva gj\u00f8r det med et samfunn? Og hva kan vi, som tar frihet, sikkerhet og demokrati for gitt, l\u00e6re av ukrainernes erfaringer?<\/p>\n<p class=\"x11i5rnm xat24cr x1mh8g0r x1vvkbs xtlvy1s\">Velkommen til lanseringen av <em>Vi, Ukraina<\/em> av journalist Henning Carr Ekroll, en unik og n\u00e6r innsideberetning fra Ukraina, to \u00e5r ut i krigen. I denne boken m\u00f8ter vi mennesker som lever midt i den brutale virkeligheten av Russlands invasjon \u2013 fra politikere og soldater til kulturarbeidere og sivile, som p\u00e5 ulike m\u00e5ter kjemper for \u00e5 bevare sin identitet og frihet.<\/p>\n<p class=\"x11i5rnm xat24cr x1mh8g0r x1vvkbs xtlvy1s\">P\u00e5 lanseringen f\u00e5r du h\u00f8re Henning Carr Ekroll i samtale med Tormod Malvin S\u00e6ther fra Ukrainapodden og Oleksandra Deineko, som selv flyktet fra krigen og n\u00e5 er forsker ved OsloMet. Samtalen blir en live-innspilling av podcasten.<\/p>\n<p class=\"x11i5rnm xat24cr x1mh8g0r x1vvkbs xtlvy1s\">Det blir ogs\u00e5 musikalsk innslag.<\/p>\n<p class=\"x11i5rnm xat24cr x1mh8g0r x1vvkbs xtlvy1s\">* Gratis inngang<br class=\"html-br\" \/>* Boksalg og signering<br class=\"html-br\" \/>* D\u00f8rene \u00e5pner 17:30<\/p>\n<div><span style=\"color: #bf4827\"><a style=\"color: #bf4827\" href=\"https:\/\/www.facebook.com\/events\/937774938462718\/?acontext=%7B%22event_action_history%22%3A[%7B%22mechanism%22%3A%22attachment%22%2C%22surface%22%3A%22newsfeed%22%7D]%2C%22ref_notif_type%22%3Anull%7D\" target=\"_blank\" rel=\"noopener\">Meld deg gjerne p\u00e5 p\u00e5 Facebook<\/a><\/span><\/div>\n<div>\n<p>&nbsp;<\/p>\n<p><a href=\"https:\/\/staging.forenteforlag.no\/dreyers\/produkt\/vi-ukraina\/\"><img fetchpriority=\"high\" decoding=\"async\" class=\"alignleft wp-image-21602 size-medium\" src=\"https:\/\/staging.forenteforlag.no\/dreyers\/wp-content\/uploads\/sites\/2\/2025\/02\/jpg-2-211x300.png\" alt=\"\" width=\"211\" height=\"300\" data-wp-editing=\"1\" srcset=\"https:\/\/staging.forenteforlag.no\/dreyers\/wp-content\/uploads\/sites\/2\/2025\/02\/jpg-2-211x300.png 211w, https:\/\/staging.forenteforlag.no\/dreyers\/wp-content\/uploads\/sites\/2\/2025\/02\/jpg-2-719x1024.png 719w, https:\/\/staging.forenteforlag.no\/dreyers\/wp-content\/uploads\/sites\/2\/2025\/02\/jpg-2-768x1094.png 768w, https:\/\/staging.forenteforlag.no\/dreyers\/wp-content\/uploads\/sites\/2\/2025\/02\/jpg-2-1078x1536.png 1078w, https:\/\/staging.forenteforlag.no\/dreyers\/wp-content\/uploads\/sites\/2\/2025\/02\/jpg-2-1438x2048.png 1438w, https:\/\/staging.forenteforlag.no\/dreyers\/wp-content\/uploads\/sites\/2\/2025\/02\/jpg-2-300x427.png 300w, https:\/\/staging.forenteforlag.no\/dreyers\/wp-content\/uploads\/sites\/2\/2025\/02\/jpg-2-600x855.png 600w, https:\/\/staging.forenteforlag.no\/dreyers\/wp-content\/uploads\/sites\/2\/2025\/02\/jpg-2.png 1874w\" sizes=\"(max-width: 211px) 100vw, 211px\" \/><\/a>Da Russland invaderte Ukraina i februar 2022, var det f\u00f8rste gang siden andre verdenskrig at et demokratisk, europeisk land ble utsatt for en full invasjon. Hva gj\u00f8r det med et samfunn?<\/p>\n<p>Det var et av de sentrale sp\u00f8rsm\u00e5lene Henning Carr Ekroll tok med seg da han, to \u00e5r ut i krigen, reiste inn i Ukraina. I denne boken blir vi kjent med Halyna, en ung politiker som pr\u00f8ver \u00e5 holde demokratiske prosesser i gang mens krigen p\u00e5g\u00e5r. Vi m\u00f8ter Marija, som ikke har h\u00f8rt fra mannen sin siden russerne inntok st\u00e5lverket i Mariupol, og Fedir, som funderer p\u00e5 hvordan man fyller et historisk museum i et land i krig. Vi blir med p\u00e5 politipatrulje i utbombede byer, treffer usikre soldater p\u00e5 vei til fronten, kommer tett p\u00e5 v\u00e5rlig kj\u00e6rlighet i Kharkivs str\u00f8ml\u00f8se gater, og m\u00f8ter en operadirekt\u00f8r som fors\u00f8ker \u00e5 finne og forst\u00e5 b\u00e5de sin egen og landets identitet.<\/p>\n<p>Dette er en unik og n\u00e6r innsideberetning om hvordan en eksistensiell krig former et land og menneskene som er en del av det, og hvordan Ukrainas historie har bidratt til landets imponerende motstandsevne.<\/p>\n<p>Avslutningsvis stiller Ekroll sp\u00f8rsm\u00e5let: Hva kan vi, som tar frihet, sikkerhet og demokrati for gitt, l\u00e6re av ukrainerne? Og hva gj\u00f8r vi hvis vi selv blir stilt overfor en lignende krise?<\/p>\n<\/div>\n<div><\/div>\n<div><strong>Henning Carr Ekroll<\/strong> (f. 1985) er nyhetssjef i Aftenposten. Han har mange \u00e5rs bakgrunn som redaksjonell leder, journalist og fotograf, og har tidligere jobbet for NRK, VG og Rogalands Avis. Han har mottatt SKUP-prisen, tre SKUP-diplom, Den store journalistprisen og to Schibsted Journalism Awards for sitt arbeid med unders\u00f8kende journalistikk. I 2018 ga han ut boken <em>Skattepengene som forsvant<\/em>.<\/div>\n","protected":false},"excerpt":{"rendered":"<p>Tid: Torsdag 13. mars kl.18:00 Sted: Ingensteds, Oslo Hvordan er det \u00e5 leve i et land i krig? Hva gj\u00f8r det med et samfunn? Og hva kan vi, som tar frihet, sikkerhet og demokrati for gitt, l\u00e6re av ukrainernes erfaringer? Velkommen til lanseringen av Vi, Ukraina av journalist Henning Carr Ekroll, en unik og n\u00e6r [&hellip;]<\/p>\n","protected":false},"author":4,"featured_media":22274,"comment_status":"closed","ping_status":"closed","sticky":false,"template":"","format":"standard","meta":{"_acf_changed":false,"inline_featured_image":false,"footnotes":""},"categories":[1781],"tags":[],"class_list":["post-22273","post","type-post","status-publish","format-standard","has-post-thumbnail","hentry","category-arrangement"],"acf":[],"yoast_head":"<!-- This site is optimized with the Yoast SEO plugin v26.6 - https:\/\/yoast.com\/wordpress\/plugins\/seo\/ -->\n<title>Boklansering: \u00abVi, Ukraina\u00bb av Henning Carr Ekroll \u2013 med live-innspilling av Ukrainapodden - Dreyers Forlag<\/title>\n<meta name=\"robots\" content=\"noindex, follow, max-snippet:-1, max-image-preview:large, max-video-preview:-1\" \/>\n<meta property=\"og:locale\" content=\"nb_NO\" \/>\n<meta property=\"og:type\" content=\"article\" \/>\n<meta property=\"og:title\" content=\"Boklansering: \u00abVi, Ukraina\u00bb av Henning Carr Ekroll \u2013 med live-innspilling av Ukrainapodden - Dreyers Forlag\" \/>\n<meta property=\"og:description\" content=\"Tid: Torsdag 13. mars kl.18:00 Sted: Ingensteds, Oslo Hvordan er det \u00e5 leve i et land i krig? Hva gj\u00f8r det med et samfunn? Og hva kan vi, som tar frihet, sikkerhet og demokrati for gitt, l\u00e6re av ukrainernes erfaringer? Velkommen til lanseringen av Vi, Ukraina av journalist Henning Carr Ekroll, en unik og n\u00e6r [&hellip;]\" \/>\n<meta property=\"og:url\" content=\"https:\/\/staging.forenteforlag.no\/dreyers\/boklansering-vi-ukraina-av-henning-carr-ekroll-med-live-innspilling-av-ukrainapodden\/\" \/>\n<meta property=\"og:site_name\" content=\"Dreyers Forlag\" \/>\n<meta property=\"article:published_time\" content=\"2025-02-14T13:38:07+00:00\" \/>\n<meta property=\"article:modified_time\" content=\"2025-02-20T15:21:38+00:00\" \/>\n<meta property=\"og:image\" content=\"https:\/\/staging.forenteforlag.no\/dreyers\/wp-content\/uploads\/sites\/2\/2025\/02\/Ukraina_aktuelt.png\" \/>\n\t<meta property=\"og:image:width\" content=\"1290\" \/>\n\t<meta property=\"og:image:height\" content=\"677\" \/>\n\t<meta property=\"og:image:type\" content=\"image\/png\" \/>\n<meta name=\"author\" content=\"Dreyers forlag\" \/>\n<meta name=\"twitter:card\" content=\"summary_large_image\" \/>\n<meta name=\"twitter:label1\" content=\"Skrevet av\" \/>\n\t<meta name=\"twitter:data1\" content=\"Dreyers forlag\" \/>\n\t<meta name=\"twitter:label2\" content=\"Ansl. lesetid\" \/>\n\t<meta name=\"twitter:data2\" content=\"3 minutter\" \/>\n<script type=\"application\/ld+json\" class=\"yoast-schema-graph\">{\"@context\":\"https:\/\/schema.org\",\"@graph\":[{\"@type\":\"WebPage\",\"@id\":\"https:\/\/staging.forenteforlag.no\/dreyers\/boklansering-vi-ukraina-av-henning-carr-ekroll-med-live-innspilling-av-ukrainapodden\/\",\"url\":\"https:\/\/staging.forenteforlag.no\/dreyers\/boklansering-vi-ukraina-av-henning-carr-ekroll-med-live-innspilling-av-ukrainapodden\/\",\"name\":\"Boklansering: \u00abVi, Ukraina\u00bb av Henning Carr Ekroll \u2013 med live-innspilling av Ukrainapodden - Dreyers Forlag\",\"isPartOf\":{\"@id\":\"https:\/\/staging.forenteforlag.no\/dreyers\/#website\"},\"primaryImageOfPage\":{\"@id\":\"https:\/\/staging.forenteforlag.no\/dreyers\/boklansering-vi-ukraina-av-henning-carr-ekroll-med-live-innspilling-av-ukrainapodden\/#primaryimage\"},\"image\":{\"@id\":\"https:\/\/staging.forenteforlag.no\/dreyers\/boklansering-vi-ukraina-av-henning-carr-ekroll-med-live-innspilling-av-ukrainapodden\/#primaryimage\"},\"thumbnailUrl\":\"https:\/\/staging.forenteforlag.no\/dreyers\/wp-content\/uploads\/sites\/2\/2025\/02\/Ukraina_aktuelt.png\",\"datePublished\":\"2025-02-14T13:38:07+00:00\",\"dateModified\":\"2025-02-20T15:21:38+00:00\",\"author\":{\"@id\":\"https:\/\/staging.forenteforlag.no\/dreyers\/#\/schema\/person\/17ccdf575e7f7416b03ee5f1427fd290\"},\"breadcrumb\":{\"@id\":\"https:\/\/staging.forenteforlag.no\/dreyers\/boklansering-vi-ukraina-av-henning-carr-ekroll-med-live-innspilling-av-ukrainapodden\/#breadcrumb\"},\"inLanguage\":\"nb-NO\",\"potentialAction\":[{\"@type\":\"ReadAction\",\"target\":[\"https:\/\/staging.forenteforlag.no\/dreyers\/boklansering-vi-ukraina-av-henning-carr-ekroll-med-live-innspilling-av-ukrainapodden\/\"]}]},{\"@type\":\"ImageObject\",\"inLanguage\":\"nb-NO\",\"@id\":\"https:\/\/staging.forenteforlag.no\/dreyers\/boklansering-vi-ukraina-av-henning-carr-ekroll-med-live-innspilling-av-ukrainapodden\/#primaryimage\",\"url\":\"https:\/\/staging.forenteforlag.no\/dreyers\/wp-content\/uploads\/sites\/2\/2025\/02\/Ukraina_aktuelt.png\",\"contentUrl\":\"https:\/\/staging.forenteforlag.no\/dreyers\/wp-content\/uploads\/sites\/2\/2025\/02\/Ukraina_aktuelt.png\",\"width\":1290,\"height\":677,\"caption\":\"Foto: Martin Slottemo Lyngstad\"},{\"@type\":\"BreadcrumbList\",\"@id\":\"https:\/\/staging.forenteforlag.no\/dreyers\/boklansering-vi-ukraina-av-henning-carr-ekroll-med-live-innspilling-av-ukrainapodden\/#breadcrumb\",\"itemListElement\":[{\"@type\":\"ListItem\",\"position\":1,\"name\":\"Hjem\",\"item\":\"https:\/\/staging.forenteforlag.no\/dreyers\/\"},{\"@type\":\"ListItem\",\"position\":2,\"name\":\"Boklansering: \u00abVi, Ukraina\u00bb av Henning Carr Ekroll \u2013 med live-innspilling av Ukrainapodden\"}]},{\"@type\":\"WebSite\",\"@id\":\"https:\/\/staging.forenteforlag.no\/dreyers\/#website\",\"url\":\"https:\/\/staging.forenteforlag.no\/dreyers\/\",\"name\":\"Dreyers Forlag\",\"description\":\"\",\"potentialAction\":[{\"@type\":\"SearchAction\",\"target\":{\"@type\":\"EntryPoint\",\"urlTemplate\":\"https:\/\/staging.forenteforlag.no\/dreyers\/?s={search_term_string}\"},\"query-input\":{\"@type\":\"PropertyValueSpecification\",\"valueRequired\":true,\"valueName\":\"search_term_string\"}}],\"inLanguage\":\"nb-NO\"},{\"@type\":\"Person\",\"@id\":\"https:\/\/staging.forenteforlag.no\/dreyers\/#\/schema\/person\/17ccdf575e7f7416b03ee5f1427fd290\",\"name\":\"Dreyers forlag\",\"image\":{\"@type\":\"ImageObject\",\"inLanguage\":\"nb-NO\",\"@id\":\"https:\/\/staging.forenteforlag.no\/dreyers\/#\/schema\/person\/image\/\",\"url\":\"https:\/\/staging.forenteforlag.no\/dreyers\/wp-content\/litespeed\/avatar\/2\/9edb585824d9d0a8b355014e174cb793.jpg?ver=1777321754\",\"contentUrl\":\"https:\/\/staging.forenteforlag.no\/dreyers\/wp-content\/litespeed\/avatar\/2\/9edb585824d9d0a8b355014e174cb793.jpg?ver=1777321754\",\"caption\":\"Dreyers forlag\"},\"url\":\"https:\/\/staging.forenteforlag.no\/dreyers\/author\/andrea\/\"}]}<\/script>\n<!-- \/ Yoast SEO plugin. -->","yoast_head_json":{"title":"Boklansering: \u00abVi, Ukraina\u00bb av Henning Carr Ekroll \u2013 med live-innspilling av Ukrainapodden - Dreyers Forlag","robots":{"index":"noindex","follow":"follow","max-snippet":"max-snippet:-1","max-image-preview":"max-image-preview:large","max-video-preview":"max-video-preview:-1"},"og_locale":"nb_NO","og_type":"article","og_title":"Boklansering: \u00abVi, Ukraina\u00bb av Henning Carr Ekroll \u2013 med live-innspilling av Ukrainapodden - Dreyers Forlag","og_description":"Tid: Torsdag 13. mars kl.18:00 Sted: Ingensteds, Oslo Hvordan er det \u00e5 leve i et land i krig? Hva gj\u00f8r det med et samfunn? Og hva kan vi, som tar frihet, sikkerhet og demokrati for gitt, l\u00e6re av ukrainernes erfaringer? Velkommen til lanseringen av Vi, Ukraina av journalist Henning Carr Ekroll, en unik og n\u00e6r [&hellip;]","og_url":"https:\/\/staging.forenteforlag.no\/dreyers\/boklansering-vi-ukraina-av-henning-carr-ekroll-med-live-innspilling-av-ukrainapodden\/","og_site_name":"Dreyers Forlag","article_published_time":"2025-02-14T13:38:07+00:00","article_modified_time":"2025-02-20T15:21:38+00:00","og_image":[{"width":1290,"height":677,"url":"https:\/\/staging.forenteforlag.no\/dreyers\/wp-content\/uploads\/sites\/2\/2025\/02\/Ukraina_aktuelt.png","type":"image\/png"}],"author":"Dreyers forlag","twitter_card":"summary_large_image","twitter_misc":{"Skrevet av":"Dreyers forlag","Ansl. lesetid":"3 minutter"},"schema":{"@context":"https:\/\/schema.org","@graph":[{"@type":"WebPage","@id":"https:\/\/staging.forenteforlag.no\/dreyers\/boklansering-vi-ukraina-av-henning-carr-ekroll-med-live-innspilling-av-ukrainapodden\/","url":"https:\/\/staging.forenteforlag.no\/dreyers\/boklansering-vi-ukraina-av-henning-carr-ekroll-med-live-innspilling-av-ukrainapodden\/","name":"Boklansering: \u00abVi, Ukraina\u00bb av Henning Carr Ekroll \u2013 med live-innspilling av Ukrainapodden - Dreyers Forlag","isPartOf":{"@id":"https:\/\/staging.forenteforlag.no\/dreyers\/#website"},"primaryImageOfPage":{"@id":"https:\/\/staging.forenteforlag.no\/dreyers\/boklansering-vi-ukraina-av-henning-carr-ekroll-med-live-innspilling-av-ukrainapodden\/#primaryimage"},"image":{"@id":"https:\/\/staging.forenteforlag.no\/dreyers\/boklansering-vi-ukraina-av-henning-carr-ekroll-med-live-innspilling-av-ukrainapodden\/#primaryimage"},"thumbnailUrl":"https:\/\/staging.forenteforlag.no\/dreyers\/wp-content\/uploads\/sites\/2\/2025\/02\/Ukraina_aktuelt.png","datePublished":"2025-02-14T13:38:07+00:00","dateModified":"2025-02-20T15:21:38+00:00","author":{"@id":"https:\/\/staging.forenteforlag.no\/dreyers\/#\/schema\/person\/17ccdf575e7f7416b03ee5f1427fd290"},"breadcrumb":{"@id":"https:\/\/staging.forenteforlag.no\/dreyers\/boklansering-vi-ukraina-av-henning-carr-ekroll-med-live-innspilling-av-ukrainapodden\/#breadcrumb"},"inLanguage":"nb-NO","potentialAction":[{"@type":"ReadAction","target":["https:\/\/staging.forenteforlag.no\/dreyers\/boklansering-vi-ukraina-av-henning-carr-ekroll-med-live-innspilling-av-ukrainapodden\/"]}]},{"@type":"ImageObject","inLanguage":"nb-NO","@id":"https:\/\/staging.forenteforlag.no\/dreyers\/boklansering-vi-ukraina-av-henning-carr-ekroll-med-live-innspilling-av-ukrainapodden\/#primaryimage","url":"https:\/\/staging.forenteforlag.no\/dreyers\/wp-content\/uploads\/sites\/2\/2025\/02\/Ukraina_aktuelt.png","contentUrl":"https:\/\/staging.forenteforlag.no\/dreyers\/wp-content\/uploads\/sites\/2\/2025\/02\/Ukraina_aktuelt.png","width":1290,"height":677,"caption":"Foto: Martin Slottemo Lyngstad"},{"@type":"BreadcrumbList","@id":"https:\/\/staging.forenteforlag.no\/dreyers\/boklansering-vi-ukraina-av-henning-carr-ekroll-med-live-innspilling-av-ukrainapodden\/#breadcrumb","itemListElement":[{"@type":"ListItem","position":1,"name":"Hjem","item":"https:\/\/staging.forenteforlag.no\/dreyers\/"},{"@type":"ListItem","position":2,"name":"Boklansering: \u00abVi, Ukraina\u00bb av Henning Carr Ekroll \u2013 med live-innspilling av Ukrainapodden"}]},{"@type":"WebSite","@id":"https:\/\/staging.forenteforlag.no\/dreyers\/#website","url":"https:\/\/staging.forenteforlag.no\/dreyers\/","name":"Dreyers Forlag","description":"","potentialAction":[{"@type":"SearchAction","target":{"@type":"EntryPoint","urlTemplate":"https:\/\/staging.forenteforlag.no\/dreyers\/?s={search_term_string}"},"query-input":{"@type":"PropertyValueSpecification","valueRequired":true,"valueName":"search_term_string"}}],"inLanguage":"nb-NO"},{"@type":"Person","@id":"https:\/\/staging.forenteforlag.no\/dreyers\/#\/schema\/person\/17ccdf575e7f7416b03ee5f1427fd290","name":"Dreyers forlag","image":{"@type":"ImageObject","inLanguage":"nb-NO","@id":"https:\/\/staging.forenteforlag.no\/dreyers\/#\/schema\/person\/image\/","url":"https:\/\/staging.forenteforlag.no\/dreyers\/wp-content\/litespeed\/avatar\/2\/9edb585824d9d0a8b355014e174cb793.jpg?ver=1777321754","contentUrl":"https:\/\/staging.forenteforlag.no\/dreyers\/wp-content\/litespeed\/avatar\/2\/9edb585824d9d0a8b355014e174cb793.jpg?ver=1777321754","caption":"Dreyers forlag"},"url":"https:\/\/staging.forenteforlag.no\/dreyers\/author\/andrea\/"}]}},"_links":{"self":[{"href":"https:\/\/staging.forenteforlag.no\/dreyers\/wp-json\/wp\/v2\/posts\/22273","targetHints":{"allow":["GET"]}}],"collection":[{"href":"https:\/\/staging.forenteforlag.no\/dreyers\/wp-json\/wp\/v2\/posts"}],"about":[{"href":"https:\/\/staging.forenteforlag.no\/dreyers\/wp-json\/wp\/v2\/types\/post"}],"author":[{"embeddable":true,"href":"https:\/\/staging.forenteforlag.no\/dreyers\/wp-json\/wp\/v2\/users\/4"}],"replies":[{"embeddable":true,"href":"https:\/\/staging.forenteforlag.no\/dreyers\/wp-json\/wp\/v2\/comments?post=22273"}],"version-history":[{"count":7,"href":"https:\/\/staging.forenteforlag.no\/dreyers\/wp-json\/wp\/v2\/posts\/22273\/revisions"}],"predecessor-version":[{"id":22396,"href":"https:\/\/staging.forenteforlag.no\/dreyers\/wp-json\/wp\/v2\/posts\/22273\/revisions\/22396"}],"wp:featuredmedia":[{"embeddable":true,"href":"https:\/\/staging.forenteforlag.no\/dreyers\/wp-json\/wp\/v2\/media\/22274"}],"wp:attachment":[{"href":"https:\/\/staging.forenteforlag.no\/dreyers\/wp-json\/wp\/v2\/media?parent=22273"}],"wp:term":[{"taxonomy":"category","embeddable":true,"href":"https:\/\/staging.forenteforlag.no\/dreyers\/wp-json\/wp\/v2\/categories?post=22273"},{"taxonomy":"post_tag","embeddable":true,"href":"https:\/\/staging.forenteforlag.no\/dreyers\/wp-json\/wp\/v2\/tags?post=22273"}],"curies":[{"name":"wp","href":"https:\/\/api.w.org\/{rel}","templated":true}]}}